{"id":38569,"date":"2025-08-18T10:56:39","date_gmt":"2025-08-18T08:56:39","guid":{"rendered":"https:\/\/www.studiogera.de\/001\/?p=38569"},"modified":"2025-08-18T10:56:39","modified_gmt":"2025-08-18T08:56:39","slug":"sanierung-des-stadtrings-sued-ost-wird-fortgesetzt","status":"publish","type":"post","link":"https:\/\/www.studiogera.de\/001\/2025\/08\/18\/sanierung-des-stadtrings-sued-ost-wird-fortgesetzt\/","title":{"rendered":"SANIERUNG DES STADTRINGS S\u00dcD-OST WIRD FORTGESETZT"},"content":{"rendered":"\n<p>Die Erneuerung des S\u00fcd-Ost-Rings wird fortgesetzt: Im Auftrag des Stadt Gera beginnen planm\u00e4\u00dfig am 25. August 2025 die Arbeiten am n\u00e4chsten Abschnitt, der von der Ochsenbr\u00fccke \u00fcber die Kreuzungen der Braustra\u00dfe und Plauensche Stra\u00dfe bis kurz vor den Knoten Am Pfortener Kalkwerk reicht. Die Arbeiten finden dabei in mehreren Bauabschnitten statt.<\/p>\n\n\n\n<p>Bis voraussichtlich 5. September 2025 wird zun\u00e4chst die Fahrbahn des ersten Bauabschnittes zwischen der Ochsenbr\u00fccke und der Kreuzung Braustra\u00dfe saniert. Die Fahrbahnsanierung im zweiten Bauabschnitt von Kreuzung Braustra\u00dfe bis H\u00f6he \u201eAm Pfortener Kalkwerk 1\u201c ist in der Zeit vom 8. September bis 5. Oktober 2025 geplant. F\u00fcr beide Bauabschnitte wird der Verkehr in Richtung Zeitz\/Leipzig \u00fcber die Stra\u00dfen Elsterdamm, Am Sommerbad, Gebr\u00fcder- H\u00e4u\u00dfler- Stra\u00dfe, Theaterstra\u00dfe und Stra\u00dfe des Bergmanns umgeleitet. Der Verkehr in Richtung Weida\/Greiz bleibt von diesen Einschr\u00e4nkungen unber\u00fchrt. Des Weiteren wird die Fu\u00dfg\u00e4ngerquerung auf der Kreuzung Stadtring S\u00fcd-Ost\/Plauensche Stra\u00dfe arbeitsbedingt und aus Sicherheitsgr\u00fcnden zeitweise vollst\u00e4ndig gesperrt.<\/p>\n\n\n\n<p>Der dritte Bauabschnitt von H\u00f6he \u201eAm Pfortener Kalkwerk 1\u201c bis Kreuzung Pfortener Kalkwerk folgt in den Herbstferien vom 6. bis 18. Oktober 2025 unter Vollsperrung. Zur Verkehrsf\u00fchrung wird unmittelbar vorher gesondert informiert. Ausgef\u00fchrt werden die Arbeiten durch die Firma Th\u00fcringer Stra\u00dfenwartungs- und Instandhaltungsgesellschaft mbH &amp; Co. KG.<\/p>\n\n\n\n<p>QUELLE: STADTVERWALTUNG<\/p>\n","protected":false},"excerpt":{"rendered":"<div class=\"mh-excerpt\"><p>Die Erneuerung des S\u00fcd-Ost-Rings wird fortgesetzt: Im Auftrag des Stadt Gera beginnen planm\u00e4\u00dfig am 25. August 2025 die Arbeiten am n\u00e4chsten Abschnitt, der von der Ochsenbr\u00fccke \u00fcber die Kreuzungen der Braustra\u00dfe und Plauensche Stra\u00dfe bis <a class=\"mh-excerpt-more\" href=\"https:\/\/www.studiogera.de\/001\/2025\/08\/18\/sanierung-des-stadtrings-sued-ost-wird-fortgesetzt\/\" title=\"SANIERUNG DES STADTRINGS S\u00dcD-OST WIRD FORTGESETZT\">[&#8230;]<\/a><\/p>\n<\/div>","protected":false},"author":2,"featured_media":38570,"comment_status":"open","ping_status":"open","sticky":false,"template":"","format":"standard","meta":{"footnotes":""},"categories":[3],"tags":[],"class_list":{"0":"post-38569","1":"post","2":"type-post","3":"status-publish","4":"format-standard","5":"has-post-thumbnail","7":"category-lokal"},"_links":{"self":[{"href":"https:\/\/www.studiogera.de\/001\/wp-json\/wp\/v2\/posts\/38569","targetHints":{"allow":["GET"]}}],"collection":[{"href":"https:\/\/www.studiogera.de\/001\/wp-json\/wp\/v2\/posts"}],"about":[{"href":"https:\/\/www.studiogera.de\/001\/wp-json\/wp\/v2\/types\/post"}],"author":[{"embeddable":true,"href":"https:\/\/www.studiogera.de\/001\/wp-json\/wp\/v2\/users\/2"}],"replies":[{"embeddable":true,"href":"https:\/\/www.studiogera.de\/001\/wp-json\/wp\/v2\/comments?post=38569"}],"version-history":[{"count":1,"href":"https:\/\/www.studiogera.de\/001\/wp-json\/wp\/v2\/posts\/38569\/revisions"}],"predecessor-version":[{"id":38571,"href":"https:\/\/www.studiogera.de\/001\/wp-json\/wp\/v2\/posts\/38569\/revisions\/38571"}],"wp:featuredmedia":[{"embeddable":true,"href":"https:\/\/www.studiogera.de\/001\/wp-json\/wp\/v2\/media\/38570"}],"wp:attachment":[{"href":"https:\/\/www.studiogera.de\/001\/wp-json\/wp\/v2\/media?parent=38569"}],"wp:term":[{"taxonomy":"category","embeddable":true,"href":"https:\/\/www.studiogera.de\/001\/wp-json\/wp\/v2\/categories?post=38569"},{"taxonomy":"post_tag","embeddable":true,"href":"https:\/\/www.studiogera.de\/001\/wp-json\/wp\/v2\/tags?post=38569"}],"curies":[{"name":"wp","href":"https:\/\/api.w.org\/{rel}","templated":true}]}}