{"id":38582,"date":"2025-08-19T01:07:47","date_gmt":"2025-08-18T23:07:47","guid":{"rendered":"https:\/\/www.studiogera.de\/001\/?p=38582"},"modified":"2025-08-19T01:07:49","modified_gmt":"2025-08-18T23:07:49","slug":"abschlussveranstaltung-der-aktion-stadtradeln-im-rathaussaal","status":"publish","type":"post","link":"https:\/\/www.studiogera.de\/001\/2025\/08\/19\/abschlussveranstaltung-der-aktion-stadtradeln-im-rathaussaal\/","title":{"rendered":"ABSCHLUSSVERANSTALTUNG DER AKTION \u201eSTADTRADELN\u201c IM RATHAUSSAAL"},"content":{"rendered":"\n<p>Am 9. September 2025 findet die Abschlussveranstaltung der j\u00e4hrlichen Aktion \u201eStadtradeln\u201c in Gera statt, bei der Bilanz gezogen, \u00fcber die geradelten Kilometer informiert und die aktivsten Teilnehmer geehrt werden. Interessierte B\u00fcrger sind in den Rathaussaal eingeladen. Der Abend beginnt um 18 Uhr mit der Auswertung und Pr\u00e4mierung der besten Ergebnisse des Fahrradwettbewerbs. Im Anschluss pr\u00e4sentiert Thomas Meixner von etwa 18.30 Uhr bis 20 Uhr Dia-Bilder zum Thema \u201eAbenteuer Seidenstra\u00dfe \u2013 mit dem Fahrrad unterwegs nach China\u201c. Interessierte d\u00fcrfen sich auf den Reisebericht und beeindruckende Bilder einer au\u00dfergew\u00f6hnlichen Fahrradexpedition freuen.<\/p>\n\n\n\n<p>Um eine reibungslose Organisation zu gew\u00e4hrleisten, bittet die Stadtverwaltung um eine Voranmeldung unter der Rufnummer +493658381062 oder \u00fcber \u201esportfoerderung@gera.de\u201c. Der Eintritt ist frei.<\/p>\n","protected":false},"excerpt":{"rendered":"<div class=\"mh-excerpt\"><p>Am 9. September 2025 findet die Abschlussveranstaltung der j\u00e4hrlichen Aktion \u201eStadtradeln\u201c in Gera statt, bei der Bilanz gezogen, \u00fcber die geradelten Kilometer informiert und die aktivsten Teilnehmer geehrt werden. Interessierte B\u00fcrger sind in den Rathaussaal <a class=\"mh-excerpt-more\" href=\"https:\/\/www.studiogera.de\/001\/2025\/08\/19\/abschlussveranstaltung-der-aktion-stadtradeln-im-rathaussaal\/\" title=\"ABSCHLUSSVERANSTALTUNG DER AKTION \u201eSTADTRADELN\u201c IM RATHAUSSAAL\">[&#8230;]<\/a><\/p>\n<\/div>","protected":false},"author":3,"featured_media":22594,"comment_status":"open","ping_status":"open","sticky":false,"template":"","format":"standard","meta":{"footnotes":""},"categories":[16],"tags":[],"class_list":{"0":"post-38582","1":"post","2":"type-post","3":"status-publish","4":"format-standard","5":"has-post-thumbnail","7":"category-kurzmitteilungen"},"_links":{"self":[{"href":"https:\/\/www.studiogera.de\/001\/wp-json\/wp\/v2\/posts\/38582","targetHints":{"allow":["GET"]}}],"collection":[{"href":"https:\/\/www.studiogera.de\/001\/wp-json\/wp\/v2\/posts"}],"about":[{"href":"https:\/\/www.studiogera.de\/001\/wp-json\/wp\/v2\/types\/post"}],"author":[{"embeddable":true,"href":"https:\/\/www.studiogera.de\/001\/wp-json\/wp\/v2\/users\/3"}],"replies":[{"embeddable":true,"href":"https:\/\/www.studiogera.de\/001\/wp-json\/wp\/v2\/comments?post=38582"}],"version-history":[{"count":1,"href":"https:\/\/www.studiogera.de\/001\/wp-json\/wp\/v2\/posts\/38582\/revisions"}],"predecessor-version":[{"id":38583,"href":"https:\/\/www.studiogera.de\/001\/wp-json\/wp\/v2\/posts\/38582\/revisions\/38583"}],"wp:featuredmedia":[{"embeddable":true,"href":"https:\/\/www.studiogera.de\/001\/wp-json\/wp\/v2\/media\/22594"}],"wp:attachment":[{"href":"https:\/\/www.studiogera.de\/001\/wp-json\/wp\/v2\/media?parent=38582"}],"wp:term":[{"taxonomy":"category","embeddable":true,"href":"https:\/\/www.studiogera.de\/001\/wp-json\/wp\/v2\/categories?post=38582"},{"taxonomy":"post_tag","embeddable":true,"href":"https:\/\/www.studiogera.de\/001\/wp-json\/wp\/v2\/tags?post=38582"}],"curies":[{"name":"wp","href":"https:\/\/api.w.org\/{rel}","templated":true}]}}