{"id":38586,"date":"2025-08-19T09:55:11","date_gmt":"2025-08-19T07:55:11","guid":{"rendered":"https:\/\/www.studiogera.de\/001\/?p=38586"},"modified":"2025-08-19T09:55:12","modified_gmt":"2025-08-19T07:55:12","slug":"vermissten-15-jaehrigen-in-stadtroda-aufgegriffen","status":"publish","type":"post","link":"https:\/\/www.studiogera.de\/001\/2025\/08\/19\/vermissten-15-jaehrigen-in-stadtroda-aufgegriffen\/","title":{"rendered":"VERMISSTEN 15-J\u00c4HRIGEN IN STADTRODA AUFGEGRIFFEN"},"content":{"rendered":"\n<p>Der Vermisste 15-J\u00e4hrige aus der R\u00fcckersdorfer Kinder- und Jugendeinrichtung in R\u00fcckersdorf konnte nach Hinweisen und polizeilichen Ermittlungen wohlbehalten in der Ortslage Stadtroda aufgegriffen werden. Die Polizei bedankt sich f\u00fcr die Mithilfe.<\/p>\n","protected":false},"excerpt":{"rendered":"<div class=\"mh-excerpt\"><p>Der Vermisste 15-J\u00e4hrige aus der R\u00fcckersdorfer Kinder- und Jugendeinrichtung in R\u00fcckersdorf konnte nach Hinweisen und polizeilichen Ermittlungen wohlbehalten in der Ortslage Stadtroda aufgegriffen werden. Die Polizei bedankt sich f\u00fcr die Mithilfe.<\/p>\n<\/div>","protected":false},"author":2,"featured_media":33258,"comment_status":"open","ping_status":"open","sticky":false,"template":"","format":"standard","meta":{"footnotes":""},"categories":[13],"tags":[],"class_list":{"0":"post-38586","1":"post","2":"type-post","3":"status-publish","4":"format-standard","5":"has-post-thumbnail","7":"category-polizeiberichte"},"_links":{"self":[{"href":"https:\/\/www.studiogera.de\/001\/wp-json\/wp\/v2\/posts\/38586","targetHints":{"allow":["GET"]}}],"collection":[{"href":"https:\/\/www.studiogera.de\/001\/wp-json\/wp\/v2\/posts"}],"about":[{"href":"https:\/\/www.studiogera.de\/001\/wp-json\/wp\/v2\/types\/post"}],"author":[{"embeddable":true,"href":"https:\/\/www.studiogera.de\/001\/wp-json\/wp\/v2\/users\/2"}],"replies":[{"embeddable":true,"href":"https:\/\/www.studiogera.de\/001\/wp-json\/wp\/v2\/comments?post=38586"}],"version-history":[{"count":1,"href":"https:\/\/www.studiogera.de\/001\/wp-json\/wp\/v2\/posts\/38586\/revisions"}],"predecessor-version":[{"id":38587,"href":"https:\/\/www.studiogera.de\/001\/wp-json\/wp\/v2\/posts\/38586\/revisions\/38587"}],"wp:featuredmedia":[{"embeddable":true,"href":"https:\/\/www.studiogera.de\/001\/wp-json\/wp\/v2\/media\/33258"}],"wp:attachment":[{"href":"https:\/\/www.studiogera.de\/001\/wp-json\/wp\/v2\/media?parent=38586"}],"wp:term":[{"taxonomy":"category","embeddable":true,"href":"https:\/\/www.studiogera.de\/001\/wp-json\/wp\/v2\/categories?post=38586"},{"taxonomy":"post_tag","embeddable":true,"href":"https:\/\/www.studiogera.de\/001\/wp-json\/wp\/v2\/tags?post=38586"}],"curies":[{"name":"wp","href":"https:\/\/api.w.org\/{rel}","templated":true}]}}