{"id":38588,"date":"2025-08-19T16:20:38","date_gmt":"2025-08-19T14:20:38","guid":{"rendered":"https:\/\/www.studiogera.de\/001\/?p=38588"},"modified":"2025-08-19T16:20:39","modified_gmt":"2025-08-19T14:20:39","slug":"unfallflucht-in-zwoetzen","status":"publish","type":"post","link":"https:\/\/www.studiogera.de\/001\/2025\/08\/19\/unfallflucht-in-zwoetzen\/","title":{"rendered":"UNFALLFLUCHT IN ZW\u00d6TZEN"},"content":{"rendered":"\n<p>Am Montag, den 11. August 2025, wurde gegen 9.50 Uhr eine 80-j\u00e4hrige Fu\u00dfg\u00e4ngerin bei einem Verkehrsunfall auf dem Parkplatz des Netto-Marktes in der Stra\u00dfe der V\u00f6lkerfreundschaft von einem Fahrzeug angefahren und leicht verletzt. Das Verursacherfahrzeug habe seine Fahrt jedoch ohne anzuhalten fortgesetzt und den Unfallort somit pflichtwidrig verlassen. Die Polizei sucht Zeugen, die sachdienliche Angaben zum Unfall, dem beteiligten Fahrzeug und der fahrzeugf\u00fchrenden Person machen k\u00f6nnen, und bittet diese, sich bei der Inspektion Gera mit dem Bezugszeichen 0208447\/2025 unter der Telefonnummer 0365 8290 zu melden.<\/p>\n","protected":false},"excerpt":{"rendered":"<div class=\"mh-excerpt\"><p>Am Montag, den 11. August 2025, wurde gegen 9.50 Uhr eine 80-j\u00e4hrige Fu\u00dfg\u00e4ngerin bei einem Verkehrsunfall auf dem Parkplatz des Netto-Marktes in der Stra\u00dfe der V\u00f6lkerfreundschaft von einem Fahrzeug angefahren und leicht verletzt. Das Verursacherfahrzeug <a class=\"mh-excerpt-more\" href=\"https:\/\/www.studiogera.de\/001\/2025\/08\/19\/unfallflucht-in-zwoetzen\/\" title=\"UNFALLFLUCHT IN ZW\u00d6TZEN\">[&#8230;]<\/a><\/p>\n<\/div>","protected":false},"author":3,"featured_media":22581,"comment_status":"open","ping_status":"open","sticky":false,"template":"","format":"standard","meta":{"footnotes":""},"categories":[13],"tags":[],"class_list":{"0":"post-38588","1":"post","2":"type-post","3":"status-publish","4":"format-standard","5":"has-post-thumbnail","7":"category-polizeiberichte"},"_links":{"self":[{"href":"https:\/\/www.studiogera.de\/001\/wp-json\/wp\/v2\/posts\/38588","targetHints":{"allow":["GET"]}}],"collection":[{"href":"https:\/\/www.studiogera.de\/001\/wp-json\/wp\/v2\/posts"}],"about":[{"href":"https:\/\/www.studiogera.de\/001\/wp-json\/wp\/v2\/types\/post"}],"author":[{"embeddable":true,"href":"https:\/\/www.studiogera.de\/001\/wp-json\/wp\/v2\/users\/3"}],"replies":[{"embeddable":true,"href":"https:\/\/www.studiogera.de\/001\/wp-json\/wp\/v2\/comments?post=38588"}],"version-history":[{"count":1,"href":"https:\/\/www.studiogera.de\/001\/wp-json\/wp\/v2\/posts\/38588\/revisions"}],"predecessor-version":[{"id":38589,"href":"https:\/\/www.studiogera.de\/001\/wp-json\/wp\/v2\/posts\/38588\/revisions\/38589"}],"wp:featuredmedia":[{"embeddable":true,"href":"https:\/\/www.studiogera.de\/001\/wp-json\/wp\/v2\/media\/22581"}],"wp:attachment":[{"href":"https:\/\/www.studiogera.de\/001\/wp-json\/wp\/v2\/media?parent=38588"}],"wp:term":[{"taxonomy":"category","embeddable":true,"href":"https:\/\/www.studiogera.de\/001\/wp-json\/wp\/v2\/categories?post=38588"},{"taxonomy":"post_tag","embeddable":true,"href":"https:\/\/www.studiogera.de\/001\/wp-json\/wp\/v2\/tags?post=38588"}],"curies":[{"name":"wp","href":"https:\/\/api.w.org\/{rel}","templated":true}]}}