{"id":38590,"date":"2025-08-19T16:35:47","date_gmt":"2025-08-19T14:35:47","guid":{"rendered":"https:\/\/www.studiogera.de\/001\/?p=38590"},"modified":"2025-08-19T16:35:48","modified_gmt":"2025-08-19T14:35:48","slug":"wohnungsbrand-in-der-leibnizstrasse","status":"publish","type":"post","link":"https:\/\/www.studiogera.de\/001\/2025\/08\/19\/wohnungsbrand-in-der-leibnizstrasse\/","title":{"rendered":"WOHNUNGSBRAND IN DER LEIBNIZSTRASSE"},"content":{"rendered":"\n<p>Am 18. August 2025 wurden kurz vor Mitternacht mehrere Feuerwehren alarmiert. Der Grund war ein brennendes Wohnhaus in der Leibnizstra\u00dfe. In diesem befanden sich zum Zeitpunkt des Brandes noch Menschen. Beim Eintreffen der Feuerwehren schlugen die Flammen bereits aus dem Fenster in der dritten Etage. Eine Person sa\u00df bereits auf der Fensterbank und sprang in das sofort aufgebaute Sprungpolster. Zwei weitere Personen wurden \u00fcber das Treppenhaus gerettet. Alle drei Personen hatten schwere Brandverletzungen und wurden mit drei Rettungshubschraubern in Krankenh\u00e4user ausgeflogen. Zum Einsatz kamen die Maschinen Christoph N\u00fcrnberg, Christoph Bautzen und der Christoph Th\u00fcringen aus Bad Berka. Das Haus wurde evakuiert. Das Feuer konnte z\u00fcgig gel\u00f6scht werden. Die Wohnung ist momentan nicht bewohnbar. <\/p>\n","protected":false},"excerpt":{"rendered":"<div class=\"mh-excerpt\"><p>Am 18. August 2025 wurden kurz vor Mitternacht mehrere Feuerwehren alarmiert. Der Grund war ein brennendes Wohnhaus in der Leibnizstra\u00dfe. In diesem befanden sich zum Zeitpunkt des Brandes noch Menschen. Beim Eintreffen der Feuerwehren schlugen <a class=\"mh-excerpt-more\" href=\"https:\/\/www.studiogera.de\/001\/2025\/08\/19\/wohnungsbrand-in-der-leibnizstrasse\/\" title=\"WOHNUNGSBRAND IN DER LEIBNIZSTRASSE\">[&#8230;]<\/a><\/p>\n<\/div>","protected":false},"author":3,"featured_media":9362,"comment_status":"open","ping_status":"open","sticky":false,"template":"","format":"standard","meta":{"footnotes":""},"categories":[13],"tags":[],"class_list":{"0":"post-38590","1":"post","2":"type-post","3":"status-publish","4":"format-standard","5":"has-post-thumbnail","7":"category-polizeiberichte"},"_links":{"self":[{"href":"https:\/\/www.studiogera.de\/001\/wp-json\/wp\/v2\/posts\/38590","targetHints":{"allow":["GET"]}}],"collection":[{"href":"https:\/\/www.studiogera.de\/001\/wp-json\/wp\/v2\/posts"}],"about":[{"href":"https:\/\/www.studiogera.de\/001\/wp-json\/wp\/v2\/types\/post"}],"author":[{"embeddable":true,"href":"https:\/\/www.studiogera.de\/001\/wp-json\/wp\/v2\/users\/3"}],"replies":[{"embeddable":true,"href":"https:\/\/www.studiogera.de\/001\/wp-json\/wp\/v2\/comments?post=38590"}],"version-history":[{"count":1,"href":"https:\/\/www.studiogera.de\/001\/wp-json\/wp\/v2\/posts\/38590\/revisions"}],"predecessor-version":[{"id":38591,"href":"https:\/\/www.studiogera.de\/001\/wp-json\/wp\/v2\/posts\/38590\/revisions\/38591"}],"wp:featuredmedia":[{"embeddable":true,"href":"https:\/\/www.studiogera.de\/001\/wp-json\/wp\/v2\/media\/9362"}],"wp:attachment":[{"href":"https:\/\/www.studiogera.de\/001\/wp-json\/wp\/v2\/media?parent=38590"}],"wp:term":[{"taxonomy":"category","embeddable":true,"href":"https:\/\/www.studiogera.de\/001\/wp-json\/wp\/v2\/categories?post=38590"},{"taxonomy":"post_tag","embeddable":true,"href":"https:\/\/www.studiogera.de\/001\/wp-json\/wp\/v2\/tags?post=38590"}],"curies":[{"name":"wp","href":"https:\/\/api.w.org\/{rel}","templated":true}]}}