{"id":38592,"date":"2025-08-20T10:56:44","date_gmt":"2025-08-20T08:56:44","guid":{"rendered":"https:\/\/www.studiogera.de\/001\/?p=38592"},"modified":"2025-08-20T10:56:45","modified_gmt":"2025-08-20T08:56:45","slug":"einstufung-ohne-abschreckende-wirkung","status":"publish","type":"post","link":"https:\/\/www.studiogera.de\/001\/2025\/08\/20\/einstufung-ohne-abschreckende-wirkung\/","title":{"rendered":"EINSTUFUNG OHNE ABSCHRECKENDE WIRKUNG"},"content":{"rendered":"\n<p>Allm\u00e4hlich zeichnet sich ein Muster ab. Erreicht die AFD neue H\u00f6chstst\u00e4nde in den Umfragen oder deutet alles auf einen neuen Wahlerfolg hin, dauert es nicht lange, bis etwas negatives \u00fcber die Partei ganz vorn in den Nachrichten erscheint. Einmal wird ein Geheimtreffen aufgedeckt, das keines war, andermal ein Skandal, den man auch bei anderen Parteien h\u00e4tte finden k\u00f6nnen. Oder es gibt eine weitere Einstufung als \u201egesichert rechtsextremistisch\u201d, wie j\u00fcngst in Brandenburg.<\/p>\n\n\n\n<p>Am 14. August 2025 ver\u00f6ffentlichte die Landesverfassungsschutzbeh\u00f6rde in Potsdam ihr Gutachten und stellte den dazugeh\u00f6rigen sogenannten Einstufungsvermerk zur AFD vor. Wer auf sinkende Umfragewerte durch Abschreckung gehofft hatte, wurde erneut entt\u00e4uscht. Meldungen dieser Art haben kaum noch eine Wirkung; die Zahlen f\u00fcr die AFD bewegen sich weiter nach oben.<\/p>\n\n\n\n<p>\u00dcberraschend ist der anhaltende Aufw\u00e4rtstrend nicht. Einerseits kam die beschriebene Wechselfolge schon zu oft vor, sodass die n\u00e4chste Enth\u00fcllung fast schon berechenbar ist, andererseits nimmt die Entt\u00e4uschung \u00fcber die Politik gerade stark zu. Aus Sicht vieler W\u00e4hler geht die Union zu sehr auf die SPD ein. Die angek\u00fcndigte Politikwende kommt somit nicht zustande.<\/p>\n\n\n\n<p>Die Christdemokraten stecken n\u00e4mlich in einer Zwickm\u00fchle. Zieht sich die SPD aus der Koalition zur\u00fcck, muss auch Friedrich Merz seinen Platz r\u00e4umen. Nach Neuwahlen k\u00f6nnte es eine linke Minderheitsregierung geben, und eine noch st\u00e4rkere AFD in der Opposition. Auf die Union k\u00e4men dann schwierige Zeiten zu. Die AFD wird ihr n\u00e4mlich die Richtungsfrage stellen sie zum Abriss der Brandmauer dr\u00e4ngen. Ist sie dazu nicht bereit und h\u00e4lt sie sich weiterhin eine T\u00fcr zu den links-gr\u00fcnen Gro\u00dfstadtparteien offen, k\u00f6nnen die Alternativen ihr einmal mehr Unglaubw\u00fcrdigkeit vorwerfen.<\/p>\n","protected":false},"excerpt":{"rendered":"<div class=\"mh-excerpt\"><p>Allm\u00e4hlich zeichnet sich ein Muster ab. Erreicht die AFD neue H\u00f6chstst\u00e4nde in den Umfragen oder deutet alles auf einen neuen Wahlerfolg hin, dauert es nicht lange, bis etwas negatives \u00fcber die Partei ganz vorn in <a class=\"mh-excerpt-more\" href=\"https:\/\/www.studiogera.de\/001\/2025\/08\/20\/einstufung-ohne-abschreckende-wirkung\/\" title=\"EINSTUFUNG OHNE ABSCHRECKENDE WIRKUNG\">[&#8230;]<\/a><\/p>\n<\/div>","protected":false},"author":2,"featured_media":17871,"comment_status":"open","ping_status":"open","sticky":false,"template":"","format":"standard","meta":{"footnotes":""},"categories":[2],"tags":[],"class_list":{"0":"post-38592","1":"post","2":"type-post","3":"status-publish","4":"format-standard","5":"has-post-thumbnail","7":"category-weltweit"},"_links":{"self":[{"href":"https:\/\/www.studiogera.de\/001\/wp-json\/wp\/v2\/posts\/38592","targetHints":{"allow":["GET"]}}],"collection":[{"href":"https:\/\/www.studiogera.de\/001\/wp-json\/wp\/v2\/posts"}],"about":[{"href":"https:\/\/www.studiogera.de\/001\/wp-json\/wp\/v2\/types\/post"}],"author":[{"embeddable":true,"href":"https:\/\/www.studiogera.de\/001\/wp-json\/wp\/v2\/users\/2"}],"replies":[{"embeddable":true,"href":"https:\/\/www.studiogera.de\/001\/wp-json\/wp\/v2\/comments?post=38592"}],"version-history":[{"count":1,"href":"https:\/\/www.studiogera.de\/001\/wp-json\/wp\/v2\/posts\/38592\/revisions"}],"predecessor-version":[{"id":38593,"href":"https:\/\/www.studiogera.de\/001\/wp-json\/wp\/v2\/posts\/38592\/revisions\/38593"}],"wp:featuredmedia":[{"embeddable":true,"href":"https:\/\/www.studiogera.de\/001\/wp-json\/wp\/v2\/media\/17871"}],"wp:attachment":[{"href":"https:\/\/www.studiogera.de\/001\/wp-json\/wp\/v2\/media?parent=38592"}],"wp:term":[{"taxonomy":"category","embeddable":true,"href":"https:\/\/www.studiogera.de\/001\/wp-json\/wp\/v2\/categories?post=38592"},{"taxonomy":"post_tag","embeddable":true,"href":"https:\/\/www.studiogera.de\/001\/wp-json\/wp\/v2\/tags?post=38592"}],"curies":[{"name":"wp","href":"https:\/\/api.w.org\/{rel}","templated":true}]}}