{"id":38594,"date":"2025-08-20T11:02:56","date_gmt":"2025-08-20T09:02:56","guid":{"rendered":"https:\/\/www.studiogera.de\/001\/?p=38594"},"modified":"2025-08-20T11:02:57","modified_gmt":"2025-08-20T09:02:57","slug":"neue-ausstellung-im-mak-ab-september-2025","status":"publish","type":"post","link":"https:\/\/www.studiogera.de\/001\/2025\/08\/20\/neue-ausstellung-im-mak-ab-september-2025\/","title":{"rendered":"NEUE AUSSTELLUNG IM MAK AB SEPTEMBER 2025"},"content":{"rendered":"\n<p>Seit Montag, den 18. August 2025, wird im Museum f\u00fcr Angewandte Kunst die neue Sonderausstellung \u201eTextilmuster: Von Gera in die Welt\u201d aufgebaut. Bis zum 23. September 2025 bleibt das Museum daher geschlossen. Am 23. September, um 18 Uhr, findet dann die \u00f6ffentliche Vernissage zur neuen Ausstellung statt. Das Museum ist regul\u00e4r wieder ab Mittwoch, den 24. September 2025, ge\u00f6ffnet.\u00a0<\/p>\n\n\n\n<p>Die Textilgeschichte Geras reicht bis ins Sp\u00e4tmittelalter zur\u00fcck. Stoffbahnen, Musterb\u00fccher und Modelle veranschaulichen, wie Gewebe in Gera durch Zeugdruck, Schaft- und Jacquardweberei sowie \u00c4tz-, Roleaux- und Thermodruck gestaltet wurden. Malerische und zeichnerische Entw\u00fcrfe machen den kreativen Prozess der Musterkreation anschaulich. Die Ausstellung spannt einen Bogen \u00fcber 250 Jahre \u2013 vom 18. Jahrhundert \u00fcber die DDR-Zeit bis heute \u2013 und er\u00f6ffnet einen faszinierenden Blick auf eine gro\u00dfe Vielfalt an Motiven, Stilen und Modetrends.<\/p>\n\n\n\n<p>QUELLE: STADTVERWALTUNG<\/p>\n","protected":false},"excerpt":{"rendered":"<div class=\"mh-excerpt\"><p>Seit Montag, den 18. August 2025, wird im Museum f\u00fcr Angewandte Kunst die neue Sonderausstellung \u201eTextilmuster: Von Gera in die Welt\u201d aufgebaut. Bis zum 23. September 2025 bleibt das Museum daher geschlossen. Am 23. September, <a class=\"mh-excerpt-more\" href=\"https:\/\/www.studiogera.de\/001\/2025\/08\/20\/neue-ausstellung-im-mak-ab-september-2025\/\" title=\"NEUE AUSSTELLUNG IM MAK AB SEPTEMBER 2025\">[&#8230;]<\/a><\/p>\n<\/div>","protected":false},"author":2,"featured_media":21146,"comment_status":"open","ping_status":"open","sticky":false,"template":"","format":"standard","meta":{"footnotes":""},"categories":[8],"tags":[],"class_list":{"0":"post-38594","1":"post","2":"type-post","3":"status-publish","4":"format-standard","5":"has-post-thumbnail","7":"category-kultur"},"_links":{"self":[{"href":"https:\/\/www.studiogera.de\/001\/wp-json\/wp\/v2\/posts\/38594","targetHints":{"allow":["GET"]}}],"collection":[{"href":"https:\/\/www.studiogera.de\/001\/wp-json\/wp\/v2\/posts"}],"about":[{"href":"https:\/\/www.studiogera.de\/001\/wp-json\/wp\/v2\/types\/post"}],"author":[{"embeddable":true,"href":"https:\/\/www.studiogera.de\/001\/wp-json\/wp\/v2\/users\/2"}],"replies":[{"embeddable":true,"href":"https:\/\/www.studiogera.de\/001\/wp-json\/wp\/v2\/comments?post=38594"}],"version-history":[{"count":1,"href":"https:\/\/www.studiogera.de\/001\/wp-json\/wp\/v2\/posts\/38594\/revisions"}],"predecessor-version":[{"id":38595,"href":"https:\/\/www.studiogera.de\/001\/wp-json\/wp\/v2\/posts\/38594\/revisions\/38595"}],"wp:featuredmedia":[{"embeddable":true,"href":"https:\/\/www.studiogera.de\/001\/wp-json\/wp\/v2\/media\/21146"}],"wp:attachment":[{"href":"https:\/\/www.studiogera.de\/001\/wp-json\/wp\/v2\/media?parent=38594"}],"wp:term":[{"taxonomy":"category","embeddable":true,"href":"https:\/\/www.studiogera.de\/001\/wp-json\/wp\/v2\/categories?post=38594"},{"taxonomy":"post_tag","embeddable":true,"href":"https:\/\/www.studiogera.de\/001\/wp-json\/wp\/v2\/tags?post=38594"}],"curies":[{"name":"wp","href":"https:\/\/api.w.org\/{rel}","templated":true}]}}