{"id":38596,"date":"2025-08-20T12:00:41","date_gmt":"2025-08-20T10:00:41","guid":{"rendered":"https:\/\/www.studiogera.de\/001\/?p=38596"},"modified":"2025-08-20T12:00:43","modified_gmt":"2025-08-20T10:00:43","slug":"fuehrung-und-comic-lesung-mit-olivia-vieweg","status":"publish","type":"post","link":"https:\/\/www.studiogera.de\/001\/2025\/08\/20\/fuehrung-und-comic-lesung-mit-olivia-vieweg\/","title":{"rendered":"F\u00dcHRUNG UND COMIC-LESUNG MIT OLIVIA VIEWEG"},"content":{"rendered":"\n<p>Mit einer au\u00dfergew\u00f6hnlichen Kombination aus F\u00fchrung, Gespr\u00e4ch und Lesung pr\u00e4sentiert der F\u00f6rderverein des Stadtmuseums am Freitag, den 22. August 2025, um 17 Uhr einen H\u00f6hepunkt f\u00fcr Comic- und Kulturliebhaber: Als Midissage f\u00fchrt die erfolgreiche th\u00fcringische Comick\u00fcnstlerin Olivia Vieweg pers\u00f6nlich durch ihre Werkschau \u201eHeimat, aber anders\u201c. Die noch bis zum 21. September 2025 laufende Sonderausstellung im Geraer Stadtmuseum beleuchtet Viewegs facettenreiches Werk \u2013 von dystopischen Graphic-Novels bis hin zu visuellen Adaptionen klassischer Stoffe. Gezeigt werden Originalzeichnungen, Skizzen, Storyboards und Ausz\u00fcge ihrer Arbeiten.<\/p>\n\n\n\n<p>Die K\u00fcnstlerin gibt exklusive Einblicke in ihren kreativen Prozess, beantwortet Fragen zu Comics, Manga und ihrem Werdegang \u2013 und die Bedeutung von &#8222;Heimat&#8220; f\u00fcr sie und ihre Arbeit. Im Anschluss erwartet das Publikum ein weiteres Highlight: Gemeinsam mit der Dramaturgin Sophie Oldenstein liest Olivia Vieweg aus ihrer neuesten Graphic Novel \u201eFangirl Fantasy\u201c. Die halbst\u00fcndige Comiclesung verbindet Bild und Text und l\u00e4sst die Figuren aus den Seiten unmittelbar lebendig werden.<\/p>\n\n\n\n<p>Diese Veranstaltung richtet sich gleicherma\u00dfen an Comicfreunde, Manga-Interessierte und die kulturbegeisterte \u00d6ffentlichkeit.<\/p>\n\n\n\n<p>QUELLE: STADTVERWALTUNG<\/p>\n","protected":false},"excerpt":{"rendered":"<div class=\"mh-excerpt\"><p>Mit einer au\u00dfergew\u00f6hnlichen Kombination aus F\u00fchrung, Gespr\u00e4ch und Lesung pr\u00e4sentiert der F\u00f6rderverein des Stadtmuseums am Freitag, den 22. August 2025, um 17 Uhr einen H\u00f6hepunkt f\u00fcr Comic- und Kulturliebhaber: Als Midissage f\u00fchrt die erfolgreiche th\u00fcringische <a class=\"mh-excerpt-more\" href=\"https:\/\/www.studiogera.de\/001\/2025\/08\/20\/fuehrung-und-comic-lesung-mit-olivia-vieweg\/\" title=\"F\u00dcHRUNG UND COMIC-LESUNG MIT OLIVIA VIEWEG\">[&#8230;]<\/a><\/p>\n<\/div>","protected":false},"author":2,"featured_media":38597,"comment_status":"open","ping_status":"open","sticky":false,"template":"","format":"standard","meta":{"footnotes":""},"categories":[8],"tags":[],"class_list":{"0":"post-38596","1":"post","2":"type-post","3":"status-publish","4":"format-standard","5":"has-post-thumbnail","7":"category-kultur"},"_links":{"self":[{"href":"https:\/\/www.studiogera.de\/001\/wp-json\/wp\/v2\/posts\/38596","targetHints":{"allow":["GET"]}}],"collection":[{"href":"https:\/\/www.studiogera.de\/001\/wp-json\/wp\/v2\/posts"}],"about":[{"href":"https:\/\/www.studiogera.de\/001\/wp-json\/wp\/v2\/types\/post"}],"author":[{"embeddable":true,"href":"https:\/\/www.studiogera.de\/001\/wp-json\/wp\/v2\/users\/2"}],"replies":[{"embeddable":true,"href":"https:\/\/www.studiogera.de\/001\/wp-json\/wp\/v2\/comments?post=38596"}],"version-history":[{"count":1,"href":"https:\/\/www.studiogera.de\/001\/wp-json\/wp\/v2\/posts\/38596\/revisions"}],"predecessor-version":[{"id":38598,"href":"https:\/\/www.studiogera.de\/001\/wp-json\/wp\/v2\/posts\/38596\/revisions\/38598"}],"wp:featuredmedia":[{"embeddable":true,"href":"https:\/\/www.studiogera.de\/001\/wp-json\/wp\/v2\/media\/38597"}],"wp:attachment":[{"href":"https:\/\/www.studiogera.de\/001\/wp-json\/wp\/v2\/media?parent=38596"}],"wp:term":[{"taxonomy":"category","embeddable":true,"href":"https:\/\/www.studiogera.de\/001\/wp-json\/wp\/v2\/categories?post=38596"},{"taxonomy":"post_tag","embeddable":true,"href":"https:\/\/www.studiogera.de\/001\/wp-json\/wp\/v2\/tags?post=38596"}],"curies":[{"name":"wp","href":"https:\/\/api.w.org\/{rel}","templated":true}]}}