{"id":38608,"date":"2025-08-20T13:32:09","date_gmt":"2025-08-20T11:32:09","guid":{"rendered":"https:\/\/www.studiogera.de\/001\/?p=38608"},"modified":"2025-08-20T13:32:10","modified_gmt":"2025-08-20T11:32:10","slug":"fuehrungen-durch-das-grosse-haus-am-denkmaltag","status":"publish","type":"post","link":"https:\/\/www.studiogera.de\/001\/2025\/08\/20\/fuehrungen-durch-das-grosse-haus-am-denkmaltag\/","title":{"rendered":"F\u00dcHRUNGEN DURCH DAS GROSSE HAUS AM DENKMALTAG"},"content":{"rendered":"\n<p>Zum Tag des offenen Denkmals \u00f6ffnen sich am Sonntag, den 14. September 2025, von 10 Uhr bis 16 Uhr die T\u00fcren des Theaters Gera. An diesem Tag k\u00f6nnen G\u00e4ste im Rahmen von F\u00fchrungen einen Blick in die S\u00e4le und hinter die Kulissen des F\u00fcnf-Sparten-Hauses werfen. Die F\u00fchrungen finden zu jeder vollen Stunde statt. Die letzte F\u00fchrung beginnt um 15 Uhr. Der Eintritt ist kostenfrei. Eine Anmeldung ist nicht erforderlich. Treffpunkt ist der Haupteingang des Theaters. Die F\u00fchrungen sind barrierefrei. An den F\u00fchrungen kann nur eine begrenzte Personenzahl teilnehmen.<\/p>\n\n\n\n<p>Im Rahmen der Veranstaltung bietet Restaurator Ludwig Volkmann um 13 Uhr und 15 Uhr spezielle F\u00fchrungen an, in denen er Einblicke in die Restaurierungsarbeiten gibt, die im Zuge der Generalsanierung des Theaters von 2005 bis 2007 durchgef\u00fchrt wurden.<\/p>\n\n\n\n<p>Die Stadt Gera ist dieses Jahr offizieller Auftaktort f\u00fcr den Tag des offenen Denkmals 2025. Unter dem Motto \u201eWert-voll: unbezahlbar oder unersetzlich?\u201c wird Gera als \u201eDenkmalhauptstadt 2025\u201c gefeiert. Die Stadt pr\u00e4sentiert sich mit herausragenden Beispielen der Architektur der Ostmoderne und bietet zahlreiche Veranstaltungen rund um den Denkmaltag.<\/p>\n\n\n\n<p>QUELLE: THEATER ALTENBURG GERA GGMBH<\/p>\n","protected":false},"excerpt":{"rendered":"<div class=\"mh-excerpt\"><p>Zum Tag des offenen Denkmals \u00f6ffnen sich am Sonntag, den 14. September 2025, von 10 Uhr bis 16 Uhr die T\u00fcren des Theaters Gera. An diesem Tag k\u00f6nnen G\u00e4ste im Rahmen von F\u00fchrungen einen Blick <a class=\"mh-excerpt-more\" href=\"https:\/\/www.studiogera.de\/001\/2025\/08\/20\/fuehrungen-durch-das-grosse-haus-am-denkmaltag\/\" title=\"F\u00dcHRUNGEN DURCH DAS GROSSE HAUS AM DENKMALTAG\">[&#8230;]<\/a><\/p>\n<\/div>","protected":false},"author":2,"featured_media":12453,"comment_status":"open","ping_status":"open","sticky":false,"template":"","format":"standard","meta":{"footnotes":""},"categories":[15],"tags":[],"class_list":{"0":"post-38608","1":"post","2":"type-post","3":"status-publish","4":"format-standard","5":"has-post-thumbnail","7":"category-theater"},"_links":{"self":[{"href":"https:\/\/www.studiogera.de\/001\/wp-json\/wp\/v2\/posts\/38608","targetHints":{"allow":["GET"]}}],"collection":[{"href":"https:\/\/www.studiogera.de\/001\/wp-json\/wp\/v2\/posts"}],"about":[{"href":"https:\/\/www.studiogera.de\/001\/wp-json\/wp\/v2\/types\/post"}],"author":[{"embeddable":true,"href":"https:\/\/www.studiogera.de\/001\/wp-json\/wp\/v2\/users\/2"}],"replies":[{"embeddable":true,"href":"https:\/\/www.studiogera.de\/001\/wp-json\/wp\/v2\/comments?post=38608"}],"version-history":[{"count":1,"href":"https:\/\/www.studiogera.de\/001\/wp-json\/wp\/v2\/posts\/38608\/revisions"}],"predecessor-version":[{"id":38609,"href":"https:\/\/www.studiogera.de\/001\/wp-json\/wp\/v2\/posts\/38608\/revisions\/38609"}],"wp:featuredmedia":[{"embeddable":true,"href":"https:\/\/www.studiogera.de\/001\/wp-json\/wp\/v2\/media\/12453"}],"wp:attachment":[{"href":"https:\/\/www.studiogera.de\/001\/wp-json\/wp\/v2\/media?parent=38608"}],"wp:term":[{"taxonomy":"category","embeddable":true,"href":"https:\/\/www.studiogera.de\/001\/wp-json\/wp\/v2\/categories?post=38608"},{"taxonomy":"post_tag","embeddable":true,"href":"https:\/\/www.studiogera.de\/001\/wp-json\/wp\/v2\/tags?post=38608"}],"curies":[{"name":"wp","href":"https:\/\/api.w.org\/{rel}","templated":true}]}}