{"id":38610,"date":"2025-08-20T13:55:43","date_gmt":"2025-08-20T11:55:43","guid":{"rendered":"https:\/\/www.studiogera.de\/001\/?p=38610"},"modified":"2025-08-20T13:57:43","modified_gmt":"2025-08-20T11:57:43","slug":"das-programm-am-tag-des-offenen-denkmals","status":"publish","type":"post","link":"https:\/\/www.studiogera.de\/001\/2025\/08\/20\/das-programm-am-tag-des-offenen-denkmals\/","title":{"rendered":"DAS PROGRAMM AM TAG DES OFFENEN DENKMALS"},"content":{"rendered":"\n<p>Am Tag des offenen Denkmals werden 42 Objekte f\u00fcr die \u00d6ffentlichkeit zug\u00e4nglich sein. Das Programm bietet eine attraktive Mischung aus bew\u00e4hrten Klassikern und bislang noch nie ge\u00f6ffneten Denkm\u00e4lern. Es umfasst auch Schaubaustellen, bei denen Planer, Handwerker und Restauratoren ihre Arbeit vorstellen. Die Besucher haben die M\u00f6glichkeit, den Fachleuten handwerklich \u201e\u00fcber die Schulter\u201c zu schauen.<\/p>\n\n\n\n<p>Familien mit Kindern k\u00f6nnen sich in der Innenstadt mit einer Stempelkarte durch die verschiedenen Stationen bewegen und so spielerisch die Denkmale entdecken. Fachinteressierte haben die Gelegenheit, beim &#8222;Markt der M\u00f6glichkeiten&#8220; mit regionalen Akteuren und Partnern der Denkmalpflege in Kontakt zu treten.<\/p>\n\n\n\n<p>Ein besonderer H\u00f6hepunkt ist das Benefizkonzert &#8222;Grundton-D&#8220; im Kultur- und Kongresszentrum. Die Deutsche Stiftung Denkmalschutz veranstaltet gemeinsam mit dem Deutschlandfunk diese einzigartige Konzertreihe, die in ausgew\u00e4hlten Denkm\u00e4lern stattfindet und deutschlandweit ausgestrahlt wird. Der Erl\u00f6s des Konzerts kommt denkmalgesch\u00fctzten Bauwerken in Not zugute.<\/p>\n\n\n\n<p>Zahlreiche Stationen bieten Verpflegung sowie musikalische Begleitung und sorgen f\u00fcr eine angenehme Atmosph\u00e4re.<\/p>\n\n\n\n<p>QUELLE: STADTVERWALTUNG<\/p>\n","protected":false},"excerpt":{"rendered":"<div class=\"mh-excerpt\"><p>Am Tag des offenen Denkmals werden 42 Objekte f\u00fcr die \u00d6ffentlichkeit zug\u00e4nglich sein. Das Programm bietet eine attraktive Mischung aus bew\u00e4hrten Klassikern und bislang noch nie ge\u00f6ffneten Denkm\u00e4lern. Es umfasst auch Schaubaustellen, bei denen Planer, <a class=\"mh-excerpt-more\" href=\"https:\/\/www.studiogera.de\/001\/2025\/08\/20\/das-programm-am-tag-des-offenen-denkmals\/\" title=\"DAS PROGRAMM AM TAG DES OFFENEN DENKMALS\">[&#8230;]<\/a><\/p>\n<\/div>","protected":false},"author":2,"featured_media":38611,"comment_status":"open","ping_status":"open","sticky":false,"template":"","format":"standard","meta":{"footnotes":""},"categories":[8],"tags":[],"class_list":{"0":"post-38610","1":"post","2":"type-post","3":"status-publish","4":"format-standard","5":"has-post-thumbnail","7":"category-kultur"},"_links":{"self":[{"href":"https:\/\/www.studiogera.de\/001\/wp-json\/wp\/v2\/posts\/38610","targetHints":{"allow":["GET"]}}],"collection":[{"href":"https:\/\/www.studiogera.de\/001\/wp-json\/wp\/v2\/posts"}],"about":[{"href":"https:\/\/www.studiogera.de\/001\/wp-json\/wp\/v2\/types\/post"}],"author":[{"embeddable":true,"href":"https:\/\/www.studiogera.de\/001\/wp-json\/wp\/v2\/users\/2"}],"replies":[{"embeddable":true,"href":"https:\/\/www.studiogera.de\/001\/wp-json\/wp\/v2\/comments?post=38610"}],"version-history":[{"count":3,"href":"https:\/\/www.studiogera.de\/001\/wp-json\/wp\/v2\/posts\/38610\/revisions"}],"predecessor-version":[{"id":38615,"href":"https:\/\/www.studiogera.de\/001\/wp-json\/wp\/v2\/posts\/38610\/revisions\/38615"}],"wp:featuredmedia":[{"embeddable":true,"href":"https:\/\/www.studiogera.de\/001\/wp-json\/wp\/v2\/media\/38611"}],"wp:attachment":[{"href":"https:\/\/www.studiogera.de\/001\/wp-json\/wp\/v2\/media?parent=38610"}],"wp:term":[{"taxonomy":"category","embeddable":true,"href":"https:\/\/www.studiogera.de\/001\/wp-json\/wp\/v2\/categories?post=38610"},{"taxonomy":"post_tag","embeddable":true,"href":"https:\/\/www.studiogera.de\/001\/wp-json\/wp\/v2\/tags?post=38610"}],"curies":[{"name":"wp","href":"https:\/\/api.w.org\/{rel}","templated":true}]}}