{"id":38618,"date":"2025-08-20T14:09:39","date_gmt":"2025-08-20T12:09:39","guid":{"rendered":"https:\/\/www.studiogera.de\/001\/?p=38618"},"modified":"2025-08-20T14:09:40","modified_gmt":"2025-08-20T12:09:40","slug":"17-jaehriger-mopedfahrer-bei-vu-leicht-verletzt","status":"publish","type":"post","link":"https:\/\/www.studiogera.de\/001\/2025\/08\/20\/17-jaehriger-mopedfahrer-bei-vu-leicht-verletzt\/","title":{"rendered":"17-J\u00c4HRIGER MOPEDFAHRER BEI VU LEICHT VERLETZT"},"content":{"rendered":"\n<p>Am Dienstag, den 19. August 2025, \u00fcbersah ein 57-j\u00e4hriger deutscher PKW-Fahrer gegen 10.50 Uhr beim Linksabbiegen vom Dr.-Semmelweis-Weg in die Dr.-Schomburg-Stra\u00dfe einen bevorrechtigten 17-j\u00e4hrigen deutschen Mopedfahrer und stie\u00df mit diesem zusammen. Der Zweiradfahrer verletzte sich dabei leicht und wurde zur Versorgung ins Klinikum verbracht. An den Fahrzeugen entstand Sachschaden im hohen vierstelligen Bereich. Die Polizei hat die Ermittlungen zum Unfall aufgenommen.<\/p>\n","protected":false},"excerpt":{"rendered":"<div class=\"mh-excerpt\"><p>Am Dienstag, den 19. August 2025, \u00fcbersah ein 57-j\u00e4hriger deutscher PKW-Fahrer gegen 10.50 Uhr beim Linksabbiegen vom Dr.-Semmelweis-Weg in die Dr.-Schomburg-Stra\u00dfe einen bevorrechtigten 17-j\u00e4hrigen deutschen Mopedfahrer und stie\u00df mit diesem zusammen. Der Zweiradfahrer verletzte sich <a class=\"mh-excerpt-more\" href=\"https:\/\/www.studiogera.de\/001\/2025\/08\/20\/17-jaehriger-mopedfahrer-bei-vu-leicht-verletzt\/\" title=\"17-J\u00c4HRIGER MOPEDFAHRER BEI VU LEICHT VERLETZT\">[&#8230;]<\/a><\/p>\n<\/div>","protected":false},"author":2,"featured_media":9352,"comment_status":"open","ping_status":"open","sticky":false,"template":"","format":"standard","meta":{"footnotes":""},"categories":[13],"tags":[],"class_list":{"0":"post-38618","1":"post","2":"type-post","3":"status-publish","4":"format-standard","5":"has-post-thumbnail","7":"category-polizeiberichte"},"_links":{"self":[{"href":"https:\/\/www.studiogera.de\/001\/wp-json\/wp\/v2\/posts\/38618","targetHints":{"allow":["GET"]}}],"collection":[{"href":"https:\/\/www.studiogera.de\/001\/wp-json\/wp\/v2\/posts"}],"about":[{"href":"https:\/\/www.studiogera.de\/001\/wp-json\/wp\/v2\/types\/post"}],"author":[{"embeddable":true,"href":"https:\/\/www.studiogera.de\/001\/wp-json\/wp\/v2\/users\/2"}],"replies":[{"embeddable":true,"href":"https:\/\/www.studiogera.de\/001\/wp-json\/wp\/v2\/comments?post=38618"}],"version-history":[{"count":1,"href":"https:\/\/www.studiogera.de\/001\/wp-json\/wp\/v2\/posts\/38618\/revisions"}],"predecessor-version":[{"id":38619,"href":"https:\/\/www.studiogera.de\/001\/wp-json\/wp\/v2\/posts\/38618\/revisions\/38619"}],"wp:featuredmedia":[{"embeddable":true,"href":"https:\/\/www.studiogera.de\/001\/wp-json\/wp\/v2\/media\/9352"}],"wp:attachment":[{"href":"https:\/\/www.studiogera.de\/001\/wp-json\/wp\/v2\/media?parent=38618"}],"wp:term":[{"taxonomy":"category","embeddable":true,"href":"https:\/\/www.studiogera.de\/001\/wp-json\/wp\/v2\/categories?post=38618"},{"taxonomy":"post_tag","embeddable":true,"href":"https:\/\/www.studiogera.de\/001\/wp-json\/wp\/v2\/tags?post=38618"}],"curies":[{"name":"wp","href":"https:\/\/api.w.org\/{rel}","templated":true}]}}