{"id":38620,"date":"2025-08-20T14:48:25","date_gmt":"2025-08-20T12:48:25","guid":{"rendered":"https:\/\/www.studiogera.de\/001\/?p=38620"},"modified":"2025-08-20T15:04:03","modified_gmt":"2025-08-20T13:04:03","slug":"elon-musk-blickt-auf-die-naechste-us-wahl","status":"publish","type":"post","link":"https:\/\/www.studiogera.de\/001\/2025\/08\/20\/elon-musk-blickt-auf-die-naechste-us-wahl\/","title":{"rendered":"ELON MUSK BLICKT AUF DIE N\u00c4CHSTE US-WAHL"},"content":{"rendered":"\n<p>Nach seiner Ank\u00fcndigung, eine eigene Partei gr\u00fcnden zu wollen, nimmt Elon Musk von diesem Vorhaben offenbar wieder Abstand. Das ist in der Dienstagsausgabe der internationalen Tageszeitung \u201eThe Wall Street Journal\u201d zu lesen. Dem Bericht zufolge \u00e4ndert der Milliard\u00e4r seine Strategie und versucht nun, die Beziehungen zu James David Vance auszubauen. In der Druckausgabe erschien der Artikel unter dem Titel \u201eMusk Cools on New Party Idea, Weighs Backing Vance in 2028\u201c.<\/p>\n\n\n\n<p><a href=\"https:\/\/www.wsj.com\/politics\/policy\/elon-musk-third-political-party-69bf9bd8\">https:\/\/www.wsj.com\/politics\/policy\/elon-musk-third-political-party-69bf9bd8<\/a><\/p>\n\n\n\n<p>Gegen\u00fcber Mitarbeitern habe er ge\u00e4u\u00dfert, eine eigene Partei k\u00f6nne dieser Beziehung schaden. Falls Vance im Jahr 2028 f\u00fcr das Amt des US-Pr\u00e4sidenten kandiert, wolle Musk ihn unterst\u00fctzen. Der US-Vizepr\u00e4sident hatte den Milliard\u00e4r nach seinem Streit mit Donald Trump gebeten, diesen beizulegen und in die Reihen der Republikaner zur\u00fcckzukehren.<\/p>\n","protected":false},"excerpt":{"rendered":"<div class=\"mh-excerpt\"><p>Nach seiner Ank\u00fcndigung, eine eigene Partei gr\u00fcnden zu wollen, nimmt Elon Musk von diesem Vorhaben offenbar wieder Abstand. Das ist in der Dienstagsausgabe der internationalen Tageszeitung \u201eThe Wall Street Journal\u201d zu lesen. Dem Bericht zufolge <a class=\"mh-excerpt-more\" href=\"https:\/\/www.studiogera.de\/001\/2025\/08\/20\/elon-musk-blickt-auf-die-naechste-us-wahl\/\" title=\"ELON MUSK BLICKT AUF DIE N\u00c4CHSTE US-WAHL\">[&#8230;]<\/a><\/p>\n<\/div>","protected":false},"author":2,"featured_media":32953,"comment_status":"open","ping_status":"open","sticky":false,"template":"","format":"standard","meta":{"footnotes":""},"categories":[2],"tags":[],"class_list":{"0":"post-38620","1":"post","2":"type-post","3":"status-publish","4":"format-standard","5":"has-post-thumbnail","7":"category-weltweit"},"_links":{"self":[{"href":"https:\/\/www.studiogera.de\/001\/wp-json\/wp\/v2\/posts\/38620","targetHints":{"allow":["GET"]}}],"collection":[{"href":"https:\/\/www.studiogera.de\/001\/wp-json\/wp\/v2\/posts"}],"about":[{"href":"https:\/\/www.studiogera.de\/001\/wp-json\/wp\/v2\/types\/post"}],"author":[{"embeddable":true,"href":"https:\/\/www.studiogera.de\/001\/wp-json\/wp\/v2\/users\/2"}],"replies":[{"embeddable":true,"href":"https:\/\/www.studiogera.de\/001\/wp-json\/wp\/v2\/comments?post=38620"}],"version-history":[{"count":3,"href":"https:\/\/www.studiogera.de\/001\/wp-json\/wp\/v2\/posts\/38620\/revisions"}],"predecessor-version":[{"id":38624,"href":"https:\/\/www.studiogera.de\/001\/wp-json\/wp\/v2\/posts\/38620\/revisions\/38624"}],"wp:featuredmedia":[{"embeddable":true,"href":"https:\/\/www.studiogera.de\/001\/wp-json\/wp\/v2\/media\/32953"}],"wp:attachment":[{"href":"https:\/\/www.studiogera.de\/001\/wp-json\/wp\/v2\/media?parent=38620"}],"wp:term":[{"taxonomy":"category","embeddable":true,"href":"https:\/\/www.studiogera.de\/001\/wp-json\/wp\/v2\/categories?post=38620"},{"taxonomy":"post_tag","embeddable":true,"href":"https:\/\/www.studiogera.de\/001\/wp-json\/wp\/v2\/tags?post=38620"}],"curies":[{"name":"wp","href":"https:\/\/api.w.org\/{rel}","templated":true}]}}