{"id":38625,"date":"2025-08-21T09:07:56","date_gmt":"2025-08-21T07:07:56","guid":{"rendered":"https:\/\/www.studiogera.de\/001\/?p=38625"},"modified":"2025-08-21T09:07:57","modified_gmt":"2025-08-21T07:07:57","slug":"handgranate-in-lusaner-waldstueck-gefunden","status":"publish","type":"post","link":"https:\/\/www.studiogera.de\/001\/2025\/08\/21\/handgranate-in-lusaner-waldstueck-gefunden\/","title":{"rendered":"HANDGRANATE IN LUSANER WALDST\u00dcCK GEFUNDEN"},"content":{"rendered":"\n<p>Ein 26-J\u00e4hriger fand am 20. August 2025 gegen 14 Uhr bei einem Spaziergang durch ein Waldst\u00fcck im Geraer Stadtteil Lusan einen seltsamen Gegenstand. Der Herr sah eine Plastikverpackung, welche er zun\u00e4chst f\u00fcr einen sogenannten &#8222;Cache&#8220; hielt, wie er beim Geocaching verwendet wird. Bei genauerer Betrachtung der Verpackung stellte der Finder in dem Beh\u00e4ltnis eine Handgranate fest. Sofort alarmierte der Mann die Polizei. Der Bereich um den Fundort wurde weitr\u00e4umig abgesperrt und eine Fachfirma zur Begutachtung des Gegenstandes angefordert. Die Mitarbeiter der Firma stellten fest, dass es sich augenscheinlich um eine scharfe Splittergranate handelte und transportierten das Sprengmittel ab. Die Geraer Polizei nahm Ermittlungen wegen eines Versto\u00dfes gegen das Kriegswaffenkontrollgesetz auf.<\/p>\n","protected":false},"excerpt":{"rendered":"<div class=\"mh-excerpt\"><p>Ein 26-J\u00e4hriger fand am 20. August 2025 gegen 14 Uhr bei einem Spaziergang durch ein Waldst\u00fcck im Geraer Stadtteil Lusan einen seltsamen Gegenstand. Der Herr sah eine Plastikverpackung, welche er zun\u00e4chst f\u00fcr einen sogenannten &#8222;Cache&#8220; <a class=\"mh-excerpt-more\" href=\"https:\/\/www.studiogera.de\/001\/2025\/08\/21\/handgranate-in-lusaner-waldstueck-gefunden\/\" title=\"HANDGRANATE IN LUSANER WALDST\u00dcCK GEFUNDEN\">[&#8230;]<\/a><\/p>\n<\/div>","protected":false},"author":2,"featured_media":22581,"comment_status":"open","ping_status":"open","sticky":false,"template":"","format":"standard","meta":{"footnotes":""},"categories":[13],"tags":[],"class_list":{"0":"post-38625","1":"post","2":"type-post","3":"status-publish","4":"format-standard","5":"has-post-thumbnail","7":"category-polizeiberichte"},"_links":{"self":[{"href":"https:\/\/www.studiogera.de\/001\/wp-json\/wp\/v2\/posts\/38625","targetHints":{"allow":["GET"]}}],"collection":[{"href":"https:\/\/www.studiogera.de\/001\/wp-json\/wp\/v2\/posts"}],"about":[{"href":"https:\/\/www.studiogera.de\/001\/wp-json\/wp\/v2\/types\/post"}],"author":[{"embeddable":true,"href":"https:\/\/www.studiogera.de\/001\/wp-json\/wp\/v2\/users\/2"}],"replies":[{"embeddable":true,"href":"https:\/\/www.studiogera.de\/001\/wp-json\/wp\/v2\/comments?post=38625"}],"version-history":[{"count":1,"href":"https:\/\/www.studiogera.de\/001\/wp-json\/wp\/v2\/posts\/38625\/revisions"}],"predecessor-version":[{"id":38626,"href":"https:\/\/www.studiogera.de\/001\/wp-json\/wp\/v2\/posts\/38625\/revisions\/38626"}],"wp:featuredmedia":[{"embeddable":true,"href":"https:\/\/www.studiogera.de\/001\/wp-json\/wp\/v2\/media\/22581"}],"wp:attachment":[{"href":"https:\/\/www.studiogera.de\/001\/wp-json\/wp\/v2\/media?parent=38625"}],"wp:term":[{"taxonomy":"category","embeddable":true,"href":"https:\/\/www.studiogera.de\/001\/wp-json\/wp\/v2\/categories?post=38625"},{"taxonomy":"post_tag","embeddable":true,"href":"https:\/\/www.studiogera.de\/001\/wp-json\/wp\/v2\/tags?post=38625"}],"curies":[{"name":"wp","href":"https:\/\/api.w.org\/{rel}","templated":true}]}}