{"id":38627,"date":"2025-08-21T17:56:30","date_gmt":"2025-08-21T15:56:30","guid":{"rendered":"https:\/\/www.studiogera.de\/001\/?p=38627"},"modified":"2025-08-21T17:56:31","modified_gmt":"2025-08-21T15:56:31","slug":"rasentraktor-in-gorlitzsch-entwendet","status":"publish","type":"post","link":"https:\/\/www.studiogera.de\/001\/2025\/08\/21\/rasentraktor-in-gorlitzsch-entwendet\/","title":{"rendered":"RASENTRAKTOR IN GORLITZSCH ENTWENDET"},"content":{"rendered":"\n<p>Ein 43-j\u00e4hriger Gartenbesitzer musste am Mittwochabend, den 20. August 2025, gegen 19 Uhr feststellen, dass Unbekannte im Tatzeitraum vom 14. August 2025, 19.30 Uhr, bis 20. August 2025, 19 Uhr, sein Gartengrundst\u00fcck im Ortsteil Gorlitzsch unbefugt betreten und seinen Rasentraktor sowie die Kennzeichentafel seines Wohnanh\u00e4ngers entwendet hatte. Den Wert des Beuteguts gibt der Gesch\u00e4digte mit etwa 1000 Euro an. Hinweise auf die T\u00e4ter oder die Art und Weise des Abtransports des Traktors liegen nicht vor. Die Polizei hat unter dem Bezugszeichen 0217167\/2025 ein Ermittlungsverfahren eingeleitet und bittet m\u00f6gliche Zeugen, sich mit sachdienlichen Angaben telefonisch unter der Telefonnummer 0365 8290 zu melden.<\/p>\n","protected":false},"excerpt":{"rendered":"<div class=\"mh-excerpt\"><p>Ein 43-j\u00e4hriger Gartenbesitzer musste am Mittwochabend, den 20. August 2025, gegen 19 Uhr feststellen, dass Unbekannte im Tatzeitraum vom 14. August 2025, 19.30 Uhr, bis 20. August 2025, 19 Uhr, sein Gartengrundst\u00fcck im Ortsteil Gorlitzsch <a class=\"mh-excerpt-more\" href=\"https:\/\/www.studiogera.de\/001\/2025\/08\/21\/rasentraktor-in-gorlitzsch-entwendet\/\" title=\"RASENTRAKTOR IN GORLITZSCH ENTWENDET\">[&#8230;]<\/a><\/p>\n<\/div>","protected":false},"author":3,"featured_media":9352,"comment_status":"open","ping_status":"open","sticky":false,"template":"","format":"standard","meta":{"footnotes":""},"categories":[13],"tags":[],"class_list":{"0":"post-38627","1":"post","2":"type-post","3":"status-publish","4":"format-standard","5":"has-post-thumbnail","7":"category-polizeiberichte"},"_links":{"self":[{"href":"https:\/\/www.studiogera.de\/001\/wp-json\/wp\/v2\/posts\/38627","targetHints":{"allow":["GET"]}}],"collection":[{"href":"https:\/\/www.studiogera.de\/001\/wp-json\/wp\/v2\/posts"}],"about":[{"href":"https:\/\/www.studiogera.de\/001\/wp-json\/wp\/v2\/types\/post"}],"author":[{"embeddable":true,"href":"https:\/\/www.studiogera.de\/001\/wp-json\/wp\/v2\/users\/3"}],"replies":[{"embeddable":true,"href":"https:\/\/www.studiogera.de\/001\/wp-json\/wp\/v2\/comments?post=38627"}],"version-history":[{"count":1,"href":"https:\/\/www.studiogera.de\/001\/wp-json\/wp\/v2\/posts\/38627\/revisions"}],"predecessor-version":[{"id":38628,"href":"https:\/\/www.studiogera.de\/001\/wp-json\/wp\/v2\/posts\/38627\/revisions\/38628"}],"wp:featuredmedia":[{"embeddable":true,"href":"https:\/\/www.studiogera.de\/001\/wp-json\/wp\/v2\/media\/9352"}],"wp:attachment":[{"href":"https:\/\/www.studiogera.de\/001\/wp-json\/wp\/v2\/media?parent=38627"}],"wp:term":[{"taxonomy":"category","embeddable":true,"href":"https:\/\/www.studiogera.de\/001\/wp-json\/wp\/v2\/categories?post=38627"},{"taxonomy":"post_tag","embeddable":true,"href":"https:\/\/www.studiogera.de\/001\/wp-json\/wp\/v2\/tags?post=38627"}],"curies":[{"name":"wp","href":"https:\/\/api.w.org\/{rel}","templated":true}]}}