{"id":38633,"date":"2025-08-22T09:41:53","date_gmt":"2025-08-22T07:41:53","guid":{"rendered":"https:\/\/www.studiogera.de\/001\/?p=38633"},"modified":"2025-08-22T09:41:54","modified_gmt":"2025-08-22T07:41:54","slug":"rueckgang-des-bip-im-zweiten-quartal-2025","status":"publish","type":"post","link":"https:\/\/www.studiogera.de\/001\/2025\/08\/22\/rueckgang-des-bip-im-zweiten-quartal-2025\/","title":{"rendered":"R\u00dcCKGANG DES BIP IM ZWEITEN QUARTAL 2025"},"content":{"rendered":"\n<p><em>Beim Quartalsvergleich zeigt sich ein leichter R\u00fcckgang um 0,3 %, beim Vorjahresvergleich ein minimales Wachstum um 0,2 %. Im EU-Vergleich f\u00e4llt Deutschland zur\u00fcck.<\/em><\/p>\n\n\n\n<p>Das deutsche Bruttoinlandsprodukt sank im zweiten Quartal 2025 gegen\u00fcber dem ersten Quartal 2025 preis-, saison- und kalenderbereinigt um 0,3 %. Der R\u00fcckgang der Wirtschaftsleistung fiel damit um 0,2 % st\u00e4rker aus als erwartet, teilt das Statistische Bundesamt mit.<\/p>\n\n\n\n<p>In den anderen gro\u00dfen Mitgliedstaaten der Europ\u00e4ischen Union sowie in der EU insgesamt entwickelte sich die Wirtschaft im zweiten Quartal 2025 besser als in Deutschland. Im preis-, saison- und kalenderbereinigten Vorjahresvergleich nahm die Wirtschaftsleistung in Deutschland leicht um 0,2 % zu, w\u00e4hrend sie in der EU insgesamt deutlich um 1,5 % anstieg. Das st\u00e4rkste Wirtschaftswachstum in der EU gibt es derzeit in Malta, Bulgarien, Polen, Ungarn und der Slowakei<\/p>\n\n\n\n<p><a href=\"https:\/\/www.destatis.de\/DE\/Presse\/Pressemitteilungen\/2025\/08\/PD25_310_811.html?nn=2110\">https:\/\/www.destatis.de\/DE\/Presse\/Pressemitteilungen\/2025\/08\/PD25_310_811.html?nn=2110<\/a><\/p>\n\n\n\n<p>Vor allem die Industrieproduktion entwickelte sich in Deutschland schlechter als zun\u00e4chst angenommen. Im ersten Quartal 2025 war das Bruttoinlandsprodukt noch um 0,3 % gegen\u00fcber dem Vorquartal gestiegen, im vierten Quartal 2024 um 0,2 %.<\/p>\n\n\n\n<p>Einen st\u00e4rkeren R\u00fcckgang als zun\u00e4chst angenommen gab es auch im Baugewerbe und im Verarbeitenden Gewerbe, nachdem der Jahresauftakt noch positiv ausgefallen war. Dabei ging die Produktion in nahezu allen Bereichen des Verarbeitenden Gewerbes zur\u00fcck.<\/p>\n\n\n\n<p>Auch im Au\u00dfenhandel gibt es keine positiven Impulse. Der Grund hierf\u00fcr waren r\u00fcckl\u00e4ufige Warenexporte, w\u00e4hrend die Dienstleistungsexporte wuchsen. Die Importe von Waren und Dienstleistungen stiegen im Vorquartalsvergleich erneut deutlich an.<\/p>\n\n\n\n<p>Die Konsumausgaben insgesamt nahmen im zweiten Quartal 2025 preis-, saison- und kalenderbereinigt gegen\u00fcber dem ersten Quartal 2025 um 0,3 % zu. Darunter verzeichnete der private Konsum nur einen geringen Zuwachs von 0,1 %. Er fiel damit schw\u00e4cher ausfiel als zun\u00e4chst angenommen. Die Konsumausgaben des Staates nahmen um 0,8 % gegen\u00fcber dem Vorquartal zu. Insgesamt stieg der Konsum st\u00e4rker als die Einkommen. Die Sparquote fiel demzufolge niedriger aus als im Vorjahr.<\/p>\n","protected":false},"excerpt":{"rendered":"<div class=\"mh-excerpt\"><p>Beim Quartalsvergleich zeigt sich ein leichter R\u00fcckgang um 0,3 %, beim Vorjahresvergleich ein minimales Wachstum um 0,2 %. Im EU-Vergleich f\u00e4llt Deutschland zur\u00fcck. Das deutsche Bruttoinlandsprodukt sank im zweiten Quartal 2025 gegen\u00fcber dem ersten Quartal <a class=\"mh-excerpt-more\" href=\"https:\/\/www.studiogera.de\/001\/2025\/08\/22\/rueckgang-des-bip-im-zweiten-quartal-2025\/\" title=\"R\u00dcCKGANG DES BIP IM ZWEITEN QUARTAL 2025\">[&#8230;]<\/a><\/p>\n<\/div>","protected":false},"author":2,"featured_media":6084,"comment_status":"open","ping_status":"open","sticky":false,"template":"","format":"standard","meta":{"footnotes":""},"categories":[4],"tags":[],"class_list":{"0":"post-38633","1":"post","2":"type-post","3":"status-publish","4":"format-standard","5":"has-post-thumbnail","7":"category-wirtschaft"},"_links":{"self":[{"href":"https:\/\/www.studiogera.de\/001\/wp-json\/wp\/v2\/posts\/38633","targetHints":{"allow":["GET"]}}],"collection":[{"href":"https:\/\/www.studiogera.de\/001\/wp-json\/wp\/v2\/posts"}],"about":[{"href":"https:\/\/www.studiogera.de\/001\/wp-json\/wp\/v2\/types\/post"}],"author":[{"embeddable":true,"href":"https:\/\/www.studiogera.de\/001\/wp-json\/wp\/v2\/users\/2"}],"replies":[{"embeddable":true,"href":"https:\/\/www.studiogera.de\/001\/wp-json\/wp\/v2\/comments?post=38633"}],"version-history":[{"count":1,"href":"https:\/\/www.studiogera.de\/001\/wp-json\/wp\/v2\/posts\/38633\/revisions"}],"predecessor-version":[{"id":38634,"href":"https:\/\/www.studiogera.de\/001\/wp-json\/wp\/v2\/posts\/38633\/revisions\/38634"}],"wp:featuredmedia":[{"embeddable":true,"href":"https:\/\/www.studiogera.de\/001\/wp-json\/wp\/v2\/media\/6084"}],"wp:attachment":[{"href":"https:\/\/www.studiogera.de\/001\/wp-json\/wp\/v2\/media?parent=38633"}],"wp:term":[{"taxonomy":"category","embeddable":true,"href":"https:\/\/www.studiogera.de\/001\/wp-json\/wp\/v2\/categories?post=38633"},{"taxonomy":"post_tag","embeddable":true,"href":"https:\/\/www.studiogera.de\/001\/wp-json\/wp\/v2\/tags?post=38633"}],"curies":[{"name":"wp","href":"https:\/\/api.w.org\/{rel}","templated":true}]}}