{"id":38635,"date":"2025-08-22T09:43:53","date_gmt":"2025-08-22T07:43:53","guid":{"rendered":"https:\/\/www.studiogera.de\/001\/?p=38635"},"modified":"2025-08-22T09:43:54","modified_gmt":"2025-08-22T07:43:54","slug":"denkmal-auf-dem-suedfriedhof-gesperrt","status":"publish","type":"post","link":"https:\/\/www.studiogera.de\/001\/2025\/08\/22\/denkmal-auf-dem-suedfriedhof-gesperrt\/","title":{"rendered":"DENKMAL AUF DEM S\u00dcDFRIEDHOF GESPERRT"},"content":{"rendered":"\n<p>Das Denkmal \u201eM\u00e4rzgefallene\u201c auf dem S\u00fcdfriedhof wurde am Freitag, den 15. August 2025, vor\u00fcbergehend f\u00fcr den Besucherverkehr abgesperrt. Grund f\u00fcr diesen Schritt sind bauliche Sch\u00e4den, die die Verkehrssicherheit des Areals beeintr\u00e4chtigen. Die Verwaltung pr\u00fcft derzeit m\u00f6gliche Schritte, um das Problem schnellstm\u00f6glich zu beheben. Sobald die Verkehrssicherheit wieder gew\u00e4hrleistet werden kann, wird das Denkmal \u201eM\u00e4rzgefallene\u201c wieder f\u00fcr Besucher des S\u00fcdfriedhofs freigegeben.\u00a0<\/p>\n","protected":false},"excerpt":{"rendered":"<div class=\"mh-excerpt\"><p>Das Denkmal \u201eM\u00e4rzgefallene\u201c auf dem S\u00fcdfriedhof wurde am Freitag, den 15. August 2025, vor\u00fcbergehend f\u00fcr den Besucherverkehr abgesperrt. Grund f\u00fcr diesen Schritt sind bauliche Sch\u00e4den, die die Verkehrssicherheit des Areals beeintr\u00e4chtigen. Die Verwaltung pr\u00fcft derzeit <a class=\"mh-excerpt-more\" href=\"https:\/\/www.studiogera.de\/001\/2025\/08\/22\/denkmal-auf-dem-suedfriedhof-gesperrt\/\" title=\"DENKMAL AUF DEM S\u00dcDFRIEDHOF GESPERRT\">[&#8230;]<\/a><\/p>\n<\/div>","protected":false},"author":2,"featured_media":38579,"comment_status":"open","ping_status":"open","sticky":false,"template":"","format":"standard","meta":{"footnotes":""},"categories":[16],"tags":[],"class_list":{"0":"post-38635","1":"post","2":"type-post","3":"status-publish","4":"format-standard","5":"has-post-thumbnail","7":"category-kurzmitteilungen"},"_links":{"self":[{"href":"https:\/\/www.studiogera.de\/001\/wp-json\/wp\/v2\/posts\/38635","targetHints":{"allow":["GET"]}}],"collection":[{"href":"https:\/\/www.studiogera.de\/001\/wp-json\/wp\/v2\/posts"}],"about":[{"href":"https:\/\/www.studiogera.de\/001\/wp-json\/wp\/v2\/types\/post"}],"author":[{"embeddable":true,"href":"https:\/\/www.studiogera.de\/001\/wp-json\/wp\/v2\/users\/2"}],"replies":[{"embeddable":true,"href":"https:\/\/www.studiogera.de\/001\/wp-json\/wp\/v2\/comments?post=38635"}],"version-history":[{"count":1,"href":"https:\/\/www.studiogera.de\/001\/wp-json\/wp\/v2\/posts\/38635\/revisions"}],"predecessor-version":[{"id":38636,"href":"https:\/\/www.studiogera.de\/001\/wp-json\/wp\/v2\/posts\/38635\/revisions\/38636"}],"wp:featuredmedia":[{"embeddable":true,"href":"https:\/\/www.studiogera.de\/001\/wp-json\/wp\/v2\/media\/38579"}],"wp:attachment":[{"href":"https:\/\/www.studiogera.de\/001\/wp-json\/wp\/v2\/media?parent=38635"}],"wp:term":[{"taxonomy":"category","embeddable":true,"href":"https:\/\/www.studiogera.de\/001\/wp-json\/wp\/v2\/categories?post=38635"},{"taxonomy":"post_tag","embeddable":true,"href":"https:\/\/www.studiogera.de\/001\/wp-json\/wp\/v2\/tags?post=38635"}],"curies":[{"name":"wp","href":"https:\/\/api.w.org\/{rel}","templated":true}]}}