{"id":38637,"date":"2025-08-22T10:12:33","date_gmt":"2025-08-22T08:12:33","guid":{"rendered":"https:\/\/www.studiogera.de\/001\/?p=38637"},"modified":"2025-08-22T10:12:34","modified_gmt":"2025-08-22T08:12:34","slug":"quartierfest-im-park-der-jugend","status":"publish","type":"post","link":"https:\/\/www.studiogera.de\/001\/2025\/08\/22\/quartierfest-im-park-der-jugend\/","title":{"rendered":"QUARTIERFEST IM PARK DER JUGEND"},"content":{"rendered":"\n<p>Am 26. August 2025 findet in Zusammenarbeit mit der Quartiersentwicklung der Otegau Gera GmbH das zweite Kiezfest \u201eSommernachtstraum\u201c im Park der Jugend statt.<\/p>\n\n\n\n<p>Rund um die Spielplatzfl\u00e4chen wird es ein buntes Angebot verschiedener Akteure geben: Kinder d\u00fcrfen sich auf viele Bastelangebote und eine Matschstrecke, ein Bauchladentheater und eine Tanzschule freuen. Bei einer Parksafari kann der Park neu entdeckt werden. Die Jugendlichen k\u00f6nnen sich im Graffiti und beim Kunstschaffen \u00e0 la Banksy bet\u00e4tigen oder beim Streetwork e. V. chillen. F\u00fcr die Erwachsenen gibt es historische und neuzeitliche Parkf\u00fchrungen, ein Begegnungsformat, um mit Verantwortlichen aus und f\u00fcr Gera zu sprechen, die Polizei ist mit ihren Kontaktbereichsbeamten vor Ort, es gibt Musik und Bauchtanz, Schach und viele Beratungsangebote.<\/p>\n\n\n\n<p>Das Fest findet am Nachmittag von 14 Uhr bis 18 Uhr statt und verspricht eine sch\u00f6ne Zeit im alten Stadtpark, der mit vereinten Kr\u00e4ften neu belebt werden soll.<\/p>\n\n\n\n<p>Das Kiezfest, welches im vergangenen Jahr ein gro\u00dfer Erfolg war, soll f\u00fcr ein friedliches und entspanntes Zusammenleben sorgen und soll der Vernetzung der Anwohner, Gewerbetreibenden, Tr\u00e4ger und Besucher im Quartier dienen.<\/p>\n\n\n\n<p>Weitere Informationen zur Veranstaltung sind auf der st\u00e4dtischen Webseite \u201ehttps:\/\/www.gera.de\/event\/kiezfest-sommernachtstraum\u201c zu finden.<\/p>\n\n\n\n<p>QUELLE: STADTVERWALTUNG<\/p>\n","protected":false},"excerpt":{"rendered":"<div class=\"mh-excerpt\"><p>Am 26. August 2025 findet in Zusammenarbeit mit der Quartiersentwicklung der Otegau Gera GmbH das zweite Kiezfest \u201eSommernachtstraum\u201c im Park der Jugend statt. Rund um die Spielplatzfl\u00e4chen wird es ein buntes Angebot verschiedener Akteure geben: <a class=\"mh-excerpt-more\" href=\"https:\/\/www.studiogera.de\/001\/2025\/08\/22\/quartierfest-im-park-der-jugend\/\" title=\"QUARTIERFEST IM PARK DER JUGEND\">[&#8230;]<\/a><\/p>\n<\/div>","protected":false},"author":2,"featured_media":38638,"comment_status":"open","ping_status":"open","sticky":false,"template":"","format":"standard","meta":{"footnotes":""},"categories":[8],"tags":[],"class_list":{"0":"post-38637","1":"post","2":"type-post","3":"status-publish","4":"format-standard","5":"has-post-thumbnail","7":"category-kultur"},"_links":{"self":[{"href":"https:\/\/www.studiogera.de\/001\/wp-json\/wp\/v2\/posts\/38637","targetHints":{"allow":["GET"]}}],"collection":[{"href":"https:\/\/www.studiogera.de\/001\/wp-json\/wp\/v2\/posts"}],"about":[{"href":"https:\/\/www.studiogera.de\/001\/wp-json\/wp\/v2\/types\/post"}],"author":[{"embeddable":true,"href":"https:\/\/www.studiogera.de\/001\/wp-json\/wp\/v2\/users\/2"}],"replies":[{"embeddable":true,"href":"https:\/\/www.studiogera.de\/001\/wp-json\/wp\/v2\/comments?post=38637"}],"version-history":[{"count":1,"href":"https:\/\/www.studiogera.de\/001\/wp-json\/wp\/v2\/posts\/38637\/revisions"}],"predecessor-version":[{"id":38639,"href":"https:\/\/www.studiogera.de\/001\/wp-json\/wp\/v2\/posts\/38637\/revisions\/38639"}],"wp:featuredmedia":[{"embeddable":true,"href":"https:\/\/www.studiogera.de\/001\/wp-json\/wp\/v2\/media\/38638"}],"wp:attachment":[{"href":"https:\/\/www.studiogera.de\/001\/wp-json\/wp\/v2\/media?parent=38637"}],"wp:term":[{"taxonomy":"category","embeddable":true,"href":"https:\/\/www.studiogera.de\/001\/wp-json\/wp\/v2\/categories?post=38637"},{"taxonomy":"post_tag","embeddable":true,"href":"https:\/\/www.studiogera.de\/001\/wp-json\/wp\/v2\/tags?post=38637"}],"curies":[{"name":"wp","href":"https:\/\/api.w.org\/{rel}","templated":true}]}}