{"id":38645,"date":"2025-08-22T17:11:28","date_gmt":"2025-08-22T15:11:28","guid":{"rendered":"https:\/\/www.studiogera.de\/001\/?p=38645"},"modified":"2025-08-22T17:11:29","modified_gmt":"2025-08-22T15:11:29","slug":"verfuegungsfonds-zur-staerkung-der-innenstadt","status":"publish","type":"post","link":"https:\/\/www.studiogera.de\/001\/2025\/08\/22\/verfuegungsfonds-zur-staerkung-der-innenstadt\/","title":{"rendered":"VERF\u00dcGUNGSFONDS ZUR ST\u00c4RKUNG DER INNENSTADT"},"content":{"rendered":"\n<p>Die Stadt Gera geht den n\u00e4chsten Schritt in Richtung Innenstadt der Zukunft: Der Stadtrat hat die Einrichtung eines Verf\u00fcgungsfonds beschlossen, mit dem kreative Projekte, neue Nutzungen und b\u00fcrgerschaftliches Engagement im Zentrum gezielt unterst\u00fctzt werden. Ziel ist es, die Innenstadt zu beleben, neue Impulse zu setzen und die Zusammenarbeit von Stadt, Wirtschaft, Vereinen und engagierten B\u00fcrgerinnen und B\u00fcrgern zu st\u00e4rken. Gef\u00f6rdert werden u. a. Veranstaltungen, Zwischennutzungen, Schaufenstergestaltungen oder auch Ma\u00dfnahmen zur Imagebildung \u2013 immer mit einem klaren Mehrwert f\u00fcr das Gebiet.<\/p>\n\n\n\n<p>Antragsberechtigt sind alle B\u00fcrger. Ob Privatpersonen, Vereine, Gewerbetreibende oder auch Initiativen \u2013 jeder kann eine Unterst\u00fctzung f\u00fcr sein Projekt beantragen. Die entsprechenden Antr\u00e4ge k\u00f6nnen ab sofort gestellt werden.<\/p>\n\n\n\n<p>Weitere Informationen zum Verf\u00fcgungsfond, das konkrete F\u00f6rdergebiet sowie alle Unterlagen stehen auf der st\u00e4dtischen Webseite \u201e<a href=\"http:\/\/www.gera.de\/verfuegungsfonds\">www.gera.de\/verfuegungsfonds<\/a>\u201c bereit. Fragen hierzu beantwortet das Citymanagement, erreichbar \u00fcber \u201ecitymanagement@gera.de\u201c.<\/p>\n\n\n\n<p>Hintergrund ist das Bundesprogramm \u201eZukunftsf\u00e4hige Innenst\u00e4dte und Zentren\u201c (ZIZ), aus dem F\u00f6rdermittel in Kombination mit einem kommunalen Beitrag bereitgestellt werden. Die H\u00e4lfte der Projektkosten k\u00f6nnen auf diesem Weg bezuschusst werden. Die Gesamtverantwortung liegt bei der Stadt Gera, die Umsetzung erfolgt in enger Abstimmung mit dem Citymanagement und einem lokalen Entscheidungsgremium.<\/p>\n\n\n\n<p>QUELLE: STADTVERWALTUNG<\/p>\n","protected":false},"excerpt":{"rendered":"<div class=\"mh-excerpt\"><p>Die Stadt Gera geht den n\u00e4chsten Schritt in Richtung Innenstadt der Zukunft: Der Stadtrat hat die Einrichtung eines Verf\u00fcgungsfonds beschlossen, mit dem kreative Projekte, neue Nutzungen und b\u00fcrgerschaftliches Engagement im Zentrum gezielt unterst\u00fctzt werden. Ziel <a class=\"mh-excerpt-more\" href=\"https:\/\/www.studiogera.de\/001\/2025\/08\/22\/verfuegungsfonds-zur-staerkung-der-innenstadt\/\" title=\"VERF\u00dcGUNGSFONDS ZUR ST\u00c4RKUNG DER INNENSTADT\">[&#8230;]<\/a><\/p>\n<\/div>","protected":false},"author":2,"featured_media":28982,"comment_status":"open","ping_status":"open","sticky":false,"template":"","format":"standard","meta":{"footnotes":""},"categories":[3],"tags":[],"class_list":{"0":"post-38645","1":"post","2":"type-post","3":"status-publish","4":"format-standard","5":"has-post-thumbnail","7":"category-lokal"},"_links":{"self":[{"href":"https:\/\/www.studiogera.de\/001\/wp-json\/wp\/v2\/posts\/38645","targetHints":{"allow":["GET"]}}],"collection":[{"href":"https:\/\/www.studiogera.de\/001\/wp-json\/wp\/v2\/posts"}],"about":[{"href":"https:\/\/www.studiogera.de\/001\/wp-json\/wp\/v2\/types\/post"}],"author":[{"embeddable":true,"href":"https:\/\/www.studiogera.de\/001\/wp-json\/wp\/v2\/users\/2"}],"replies":[{"embeddable":true,"href":"https:\/\/www.studiogera.de\/001\/wp-json\/wp\/v2\/comments?post=38645"}],"version-history":[{"count":1,"href":"https:\/\/www.studiogera.de\/001\/wp-json\/wp\/v2\/posts\/38645\/revisions"}],"predecessor-version":[{"id":38646,"href":"https:\/\/www.studiogera.de\/001\/wp-json\/wp\/v2\/posts\/38645\/revisions\/38646"}],"wp:featuredmedia":[{"embeddable":true,"href":"https:\/\/www.studiogera.de\/001\/wp-json\/wp\/v2\/media\/28982"}],"wp:attachment":[{"href":"https:\/\/www.studiogera.de\/001\/wp-json\/wp\/v2\/media?parent=38645"}],"wp:term":[{"taxonomy":"category","embeddable":true,"href":"https:\/\/www.studiogera.de\/001\/wp-json\/wp\/v2\/categories?post=38645"},{"taxonomy":"post_tag","embeddable":true,"href":"https:\/\/www.studiogera.de\/001\/wp-json\/wp\/v2\/tags?post=38645"}],"curies":[{"name":"wp","href":"https:\/\/api.w.org\/{rel}","templated":true}]}}