{"id":38647,"date":"2025-08-22T17:32:40","date_gmt":"2025-08-22T15:32:40","guid":{"rendered":"https:\/\/www.studiogera.de\/001\/?p=38647"},"modified":"2025-08-28T11:21:21","modified_gmt":"2025-08-28T09:21:21","slug":"gala-zur-eroeffnung-der-neuen-spielzeit","status":"publish","type":"post","link":"https:\/\/www.studiogera.de\/001\/2025\/08\/22\/gala-zur-eroeffnung-der-neuen-spielzeit\/","title":{"rendered":"GALA ZUR ER\u00d6FFNUNG DER NEUEN SPIELZEIT"},"content":{"rendered":"\n<p>Mit einem diabolisch guten Spektakel startet das Theater Altenburg Gera in die neue Spielzeit. Unter dem Titel \u201eEin h\u00f6llisches Vergn\u00fcgen\u201c erwartet das Publikum eine augenzwinkernde Reise durch die Unterwelt. Auf ihrer Reise begegnen sie den Highlights der neuen Spielzeit. Generalintendant Kay Kuntze ger\u00e4t durch ein Missverst\u00e4ndnis in die Theaterh\u00f6lle \u2013 und wird dort von einem D\u00e4mon in Empfang genommen, der verbl\u00fcffende \u00c4hnlichkeit mit Schauspieldirektor Manuel Kressin hat. Die Rettung scheint nahezu unm\u00f6glich: Nur eine reine Seele, die ihn von Herzen liebt, kann ihn aus dieser misslichen Lage befreien. Ob das wohl gut ausgeht?<\/p>\n\n\n\n<p>Mit viel Witz, Musik und \u00dcberraschungen verspricht die Gala mit allen f\u00fcnf Sparten des Theaters einen charmanten und unterhaltsamen Start in die neue Saison. Am Sonntag, den 7. September 2025, 18 Uhr, ist die Gala im Theaterzelt Altenburg zu erleben, am Donnerstag, den 11. September, 19.30 Uhr im Gro\u00dfen Haus in Gera.<\/p>\n\n\n\n<p>Eintrittskarten sind an den Theaterkassen sowie \u00fcber die Webseite des Theaters erh\u00e4ltlich. Diese sind unter der Rufnummer 0365 8279105 bzw. 03447 585160 sowie \u00fcber \u201ehttps:\/\/theater-altenburg-gera.de\/\u201d erreichbar.<\/p>\n\n\n\n<p>QUELLE: THEATER ALTENBURG GERA GGMBH<\/p>\n","protected":false},"excerpt":{"rendered":"<div class=\"mh-excerpt\"><p>Mit einem diabolisch guten Spektakel startet das Theater Altenburg Gera in die neue Spielzeit. Unter dem Titel \u201eEin h\u00f6llisches Vergn\u00fcgen\u201c erwartet das Publikum eine augenzwinkernde Reise durch die Unterwelt. Auf ihrer Reise begegnen sie den <a class=\"mh-excerpt-more\" href=\"https:\/\/www.studiogera.de\/001\/2025\/08\/22\/gala-zur-eroeffnung-der-neuen-spielzeit\/\" title=\"GALA ZUR ER\u00d6FFNUNG DER NEUEN SPIELZEIT\">[&#8230;]<\/a><\/p>\n<\/div>","protected":false},"author":2,"featured_media":38648,"comment_status":"open","ping_status":"open","sticky":false,"template":"","format":"standard","meta":{"footnotes":""},"categories":[15],"tags":[],"class_list":{"0":"post-38647","1":"post","2":"type-post","3":"status-publish","4":"format-standard","5":"has-post-thumbnail","7":"category-theater"},"_links":{"self":[{"href":"https:\/\/www.studiogera.de\/001\/wp-json\/wp\/v2\/posts\/38647","targetHints":{"allow":["GET"]}}],"collection":[{"href":"https:\/\/www.studiogera.de\/001\/wp-json\/wp\/v2\/posts"}],"about":[{"href":"https:\/\/www.studiogera.de\/001\/wp-json\/wp\/v2\/types\/post"}],"author":[{"embeddable":true,"href":"https:\/\/www.studiogera.de\/001\/wp-json\/wp\/v2\/users\/2"}],"replies":[{"embeddable":true,"href":"https:\/\/www.studiogera.de\/001\/wp-json\/wp\/v2\/comments?post=38647"}],"version-history":[{"count":2,"href":"https:\/\/www.studiogera.de\/001\/wp-json\/wp\/v2\/posts\/38647\/revisions"}],"predecessor-version":[{"id":38746,"href":"https:\/\/www.studiogera.de\/001\/wp-json\/wp\/v2\/posts\/38647\/revisions\/38746"}],"wp:featuredmedia":[{"embeddable":true,"href":"https:\/\/www.studiogera.de\/001\/wp-json\/wp\/v2\/media\/38648"}],"wp:attachment":[{"href":"https:\/\/www.studiogera.de\/001\/wp-json\/wp\/v2\/media?parent=38647"}],"wp:term":[{"taxonomy":"category","embeddable":true,"href":"https:\/\/www.studiogera.de\/001\/wp-json\/wp\/v2\/categories?post=38647"},{"taxonomy":"post_tag","embeddable":true,"href":"https:\/\/www.studiogera.de\/001\/wp-json\/wp\/v2\/tags?post=38647"}],"curies":[{"name":"wp","href":"https:\/\/api.w.org\/{rel}","templated":true}]}}