{"id":38651,"date":"2025-08-22T17:36:41","date_gmt":"2025-08-22T15:36:41","guid":{"rendered":"https:\/\/www.studiogera.de\/001\/?p=38651"},"modified":"2025-08-22T17:36:43","modified_gmt":"2025-08-22T15:36:43","slug":"balkonbrand-in-lusan-2","status":"publish","type":"post","link":"https:\/\/www.studiogera.de\/001\/2025\/08\/22\/balkonbrand-in-lusan-2\/","title":{"rendered":"BALKONBRAND IN LUSAN"},"content":{"rendered":"\n<p>Am Donnerstag erhielt die Rettungsleitstelle Gera gegen 23.40 Uhr die Mitteilung \u00fcber einen Balkonbrand im Geraer Stadtteil Lusan. Sofort r\u00fcckten \u00fcber 45 Kameraden der Feuerwehr und mehrere Rettungswagen aus. Die Geraer Polizei entsandte ebenfalls Streifenwagen. Bei Eintreffen der Rettungskr\u00e4fte hatten sich bereits ein Gro\u00dfteil der Anwohner sowie alle Mieter der betreffenden Wohnung vor das Haus begeben. Ein Balkon brannte im dritten Obergeschoss des Mehrfamilienhauses. Durch das z\u00fcgige Eingreifen der Feuerwehr konnte ein \u00dcbergreifen der Flammen auf weitere Geb\u00e4udeteile verhindert werden. Alle Mieter der Wohnung blieben gl\u00fccklicherweise unverletzt. Es entstand ein Sachschaden im unteren vierstelligen Bereich. Die Brandwohnung war weiterhin bewohnbar. Die Kriminalpolizei \u00fcbernahm die Ermittlungen zur Brandursache, welche nach gegenw\u00e4rtigem Stand noch andauern<\/p>\n","protected":false},"excerpt":{"rendered":"<div class=\"mh-excerpt\"><p>Am Donnerstag erhielt die Rettungsleitstelle Gera gegen 23.40 Uhr die Mitteilung \u00fcber einen Balkonbrand im Geraer Stadtteil Lusan. Sofort r\u00fcckten \u00fcber 45 Kameraden der Feuerwehr und mehrere Rettungswagen aus. Die Geraer Polizei entsandte ebenfalls Streifenwagen. <a class=\"mh-excerpt-more\" href=\"https:\/\/www.studiogera.de\/001\/2025\/08\/22\/balkonbrand-in-lusan-2\/\" title=\"BALKONBRAND IN LUSAN\">[&#8230;]<\/a><\/p>\n<\/div>","protected":false},"author":2,"featured_media":9362,"comment_status":"open","ping_status":"open","sticky":false,"template":"","format":"standard","meta":{"footnotes":""},"categories":[13],"tags":[],"class_list":{"0":"post-38651","1":"post","2":"type-post","3":"status-publish","4":"format-standard","5":"has-post-thumbnail","7":"category-polizeiberichte"},"_links":{"self":[{"href":"https:\/\/www.studiogera.de\/001\/wp-json\/wp\/v2\/posts\/38651","targetHints":{"allow":["GET"]}}],"collection":[{"href":"https:\/\/www.studiogera.de\/001\/wp-json\/wp\/v2\/posts"}],"about":[{"href":"https:\/\/www.studiogera.de\/001\/wp-json\/wp\/v2\/types\/post"}],"author":[{"embeddable":true,"href":"https:\/\/www.studiogera.de\/001\/wp-json\/wp\/v2\/users\/2"}],"replies":[{"embeddable":true,"href":"https:\/\/www.studiogera.de\/001\/wp-json\/wp\/v2\/comments?post=38651"}],"version-history":[{"count":1,"href":"https:\/\/www.studiogera.de\/001\/wp-json\/wp\/v2\/posts\/38651\/revisions"}],"predecessor-version":[{"id":38652,"href":"https:\/\/www.studiogera.de\/001\/wp-json\/wp\/v2\/posts\/38651\/revisions\/38652"}],"wp:featuredmedia":[{"embeddable":true,"href":"https:\/\/www.studiogera.de\/001\/wp-json\/wp\/v2\/media\/9362"}],"wp:attachment":[{"href":"https:\/\/www.studiogera.de\/001\/wp-json\/wp\/v2\/media?parent=38651"}],"wp:term":[{"taxonomy":"category","embeddable":true,"href":"https:\/\/www.studiogera.de\/001\/wp-json\/wp\/v2\/categories?post=38651"},{"taxonomy":"post_tag","embeddable":true,"href":"https:\/\/www.studiogera.de\/001\/wp-json\/wp\/v2\/tags?post=38651"}],"curies":[{"name":"wp","href":"https:\/\/api.w.org\/{rel}","templated":true}]}}