{"id":38656,"date":"2025-08-22T17:46:21","date_gmt":"2025-08-22T15:46:21","guid":{"rendered":"https:\/\/www.studiogera.de\/001\/?p=38656"},"modified":"2025-08-22T17:46:23","modified_gmt":"2025-08-22T15:46:23","slug":"dreister-ladendieb-in-der-braustrasse","status":"publish","type":"post","link":"https:\/\/www.studiogera.de\/001\/2025\/08\/22\/dreister-ladendieb-in-der-braustrasse\/","title":{"rendered":"DREISTER LADENDIEB IN DER BRAUSTRASSE"},"content":{"rendered":"\n<p>Ein von Zeugen als etwa 40-j\u00e4hriger, molliger Mann mit s\u00fcdl\u00e4ndischem Erscheinungsbild hat sich am 21. August 2025 kurz vor 12 Uhr gro\u00dfz\u00fcgig mehrere K\u00fchltaschen mit Waren und Lebensmitteln in einem Verbrauchermarkt in der Braustra\u00dfe bef\u00fcllt, das Gesch\u00e4ft dann aber ohne zu bezahlen durch den Eingangsbereich wieder verlassen. Drau\u00dfen habe bereits ein schwarzer PKW Renault mit franz\u00f6sischen Kennzeichen gewartet und sei z\u00fcgig in unbekannte Richtung davongefahren. Die verst\u00e4ndigte Polizei konnte das Fahrzeug im Stadtgebiet nicht mehr feststellen. Eine Anzeige gegen Unbekannt wurde eingeleitet und bereits erste Ermittlungen zum franz\u00f6sischen Kennzeichen \u00fcber die dortige Polizei angesto\u00dfen. Zum Wert der entwendeten Waren konnte der gesch\u00e4digte Markt noch keine Aussage treffen.<\/p>\n","protected":false},"excerpt":{"rendered":"<div class=\"mh-excerpt\"><p>Ein von Zeugen als etwa 40-j\u00e4hriger, molliger Mann mit s\u00fcdl\u00e4ndischem Erscheinungsbild hat sich am 21. August 2025 kurz vor 12 Uhr gro\u00dfz\u00fcgig mehrere K\u00fchltaschen mit Waren und Lebensmitteln in einem Verbrauchermarkt in der Braustra\u00dfe bef\u00fcllt, <a class=\"mh-excerpt-more\" href=\"https:\/\/www.studiogera.de\/001\/2025\/08\/22\/dreister-ladendieb-in-der-braustrasse\/\" title=\"DREISTER LADENDIEB IN DER BRAUSTRASSE\">[&#8230;]<\/a><\/p>\n<\/div>","protected":false},"author":2,"featured_media":9352,"comment_status":"open","ping_status":"open","sticky":false,"template":"","format":"standard","meta":{"footnotes":""},"categories":[13],"tags":[],"class_list":{"0":"post-38656","1":"post","2":"type-post","3":"status-publish","4":"format-standard","5":"has-post-thumbnail","7":"category-polizeiberichte"},"_links":{"self":[{"href":"https:\/\/www.studiogera.de\/001\/wp-json\/wp\/v2\/posts\/38656","targetHints":{"allow":["GET"]}}],"collection":[{"href":"https:\/\/www.studiogera.de\/001\/wp-json\/wp\/v2\/posts"}],"about":[{"href":"https:\/\/www.studiogera.de\/001\/wp-json\/wp\/v2\/types\/post"}],"author":[{"embeddable":true,"href":"https:\/\/www.studiogera.de\/001\/wp-json\/wp\/v2\/users\/2"}],"replies":[{"embeddable":true,"href":"https:\/\/www.studiogera.de\/001\/wp-json\/wp\/v2\/comments?post=38656"}],"version-history":[{"count":1,"href":"https:\/\/www.studiogera.de\/001\/wp-json\/wp\/v2\/posts\/38656\/revisions"}],"predecessor-version":[{"id":38657,"href":"https:\/\/www.studiogera.de\/001\/wp-json\/wp\/v2\/posts\/38656\/revisions\/38657"}],"wp:featuredmedia":[{"embeddable":true,"href":"https:\/\/www.studiogera.de\/001\/wp-json\/wp\/v2\/media\/9352"}],"wp:attachment":[{"href":"https:\/\/www.studiogera.de\/001\/wp-json\/wp\/v2\/media?parent=38656"}],"wp:term":[{"taxonomy":"category","embeddable":true,"href":"https:\/\/www.studiogera.de\/001\/wp-json\/wp\/v2\/categories?post=38656"},{"taxonomy":"post_tag","embeddable":true,"href":"https:\/\/www.studiogera.de\/001\/wp-json\/wp\/v2\/tags?post=38656"}],"curies":[{"name":"wp","href":"https:\/\/api.w.org\/{rel}","templated":true}]}}