{"id":38658,"date":"2025-08-22T17:50:03","date_gmt":"2025-08-22T15:50:03","guid":{"rendered":"https:\/\/www.studiogera.de\/001\/?p=38658"},"modified":"2025-08-22T17:50:06","modified_gmt":"2025-08-22T15:50:06","slug":"lkw-faehrt-in-steinbruecken-gegen-zaun","status":"publish","type":"post","link":"https:\/\/www.studiogera.de\/001\/2025\/08\/22\/lkw-faehrt-in-steinbruecken-gegen-zaun\/","title":{"rendered":"LKW F\u00c4HRT IN STEINBR\u00dcCKEN GEGEN ZAUN"},"content":{"rendered":"\n<p>Ein 27-j\u00e4hriger Deutscher steht im Verdacht, am 22. August 2025 gegen 1.20 Uhr mit dem Firmen-LKW seines Arbeitgebers von der Stra\u00dfe in der Ortslage Steinbr\u00fccken abgekommen und gegen einen Zaun gefahren zu sein. Danach soll er das Fahrzeug und die Unfallstelle pflichtwidrig verlassen haben. Polizeibeamte konnten den Mann wenig sp\u00e4ter sichtlich alkoholisiert, und gl\u00fccklicherweise unverletzt, an seiner Wohnanschrift antreffen. Er bestritt zwar, gefahren zu sein, die vorliegenden Anhaltspunkte gen\u00fcgten jedoch hinl\u00e4nglich zur Einleitung eines Strafverfahrens wegen des Verdachts der Verkehrsunfallflucht und der Gef\u00e4hrdung des Stra\u00dfenverkehrs. Der Schaden am Zaun und am Fahrzeug wird auf mehrere 1000 Euro gesch\u00e4tzt.<\/p>\n","protected":false},"excerpt":{"rendered":"<div class=\"mh-excerpt\"><p>Ein 27-j\u00e4hriger Deutscher steht im Verdacht, am 22. August 2025 gegen 1.20 Uhr mit dem Firmen-LKW seines Arbeitgebers von der Stra\u00dfe in der Ortslage Steinbr\u00fccken abgekommen und gegen einen Zaun gefahren zu sein. Danach soll <a class=\"mh-excerpt-more\" href=\"https:\/\/www.studiogera.de\/001\/2025\/08\/22\/lkw-faehrt-in-steinbruecken-gegen-zaun\/\" title=\"LKW F\u00c4HRT IN STEINBR\u00dcCKEN GEGEN ZAUN\">[&#8230;]<\/a><\/p>\n<\/div>","protected":false},"author":2,"featured_media":9356,"comment_status":"open","ping_status":"open","sticky":false,"template":"","format":"standard","meta":{"footnotes":""},"categories":[13],"tags":[],"class_list":{"0":"post-38658","1":"post","2":"type-post","3":"status-publish","4":"format-standard","5":"has-post-thumbnail","7":"category-polizeiberichte"},"_links":{"self":[{"href":"https:\/\/www.studiogera.de\/001\/wp-json\/wp\/v2\/posts\/38658","targetHints":{"allow":["GET"]}}],"collection":[{"href":"https:\/\/www.studiogera.de\/001\/wp-json\/wp\/v2\/posts"}],"about":[{"href":"https:\/\/www.studiogera.de\/001\/wp-json\/wp\/v2\/types\/post"}],"author":[{"embeddable":true,"href":"https:\/\/www.studiogera.de\/001\/wp-json\/wp\/v2\/users\/2"}],"replies":[{"embeddable":true,"href":"https:\/\/www.studiogera.de\/001\/wp-json\/wp\/v2\/comments?post=38658"}],"version-history":[{"count":1,"href":"https:\/\/www.studiogera.de\/001\/wp-json\/wp\/v2\/posts\/38658\/revisions"}],"predecessor-version":[{"id":38659,"href":"https:\/\/www.studiogera.de\/001\/wp-json\/wp\/v2\/posts\/38658\/revisions\/38659"}],"wp:featuredmedia":[{"embeddable":true,"href":"https:\/\/www.studiogera.de\/001\/wp-json\/wp\/v2\/media\/9356"}],"wp:attachment":[{"href":"https:\/\/www.studiogera.de\/001\/wp-json\/wp\/v2\/media?parent=38658"}],"wp:term":[{"taxonomy":"category","embeddable":true,"href":"https:\/\/www.studiogera.de\/001\/wp-json\/wp\/v2\/categories?post=38658"},{"taxonomy":"post_tag","embeddable":true,"href":"https:\/\/www.studiogera.de\/001\/wp-json\/wp\/v2\/tags?post=38658"}],"curies":[{"name":"wp","href":"https:\/\/api.w.org\/{rel}","templated":true}]}}