{"id":38668,"date":"2025-08-23T03:40:21","date_gmt":"2025-08-23T01:40:21","guid":{"rendered":"https:\/\/www.studiogera.de\/001\/?p=38668"},"modified":"2025-08-23T03:40:21","modified_gmt":"2025-08-23T01:40:21","slug":"brennender-pkw-auf-der-bab-4","status":"publish","type":"post","link":"https:\/\/www.studiogera.de\/001\/2025\/08\/23\/brennender-pkw-auf-der-bab-4\/","title":{"rendered":"BRENNENDER PKW AUF DER BAB 4"},"content":{"rendered":"\n<p>Kurz vor 14.30 Uhr am 22. August 2025 wurde der TLF der Freiwilligen Feuerwehr Gera-Mitte gemeinsam mit der Feuerwache 1 und den Kr\u00e4ften aus Langenberg sowie Frankenthal auf die BAB 4 zum gemeldeten PKW-Brand alarmiert. Das Fahrzeug befand sich in Fahrtrichtung Dresden etwa 500 Meter vor der Abfahrt Gera-Langenberg. Die Lage best\u00e4tigte sich bereits auf Anfahrt durch die ma\u00dfive Rauchentwicklung und die Flammen, wie die Feuerwehr mitteilt. Z\u00fcgig gingen zwei Trupps unter Atemschutz zur Brandbek\u00e4mpfung vor. In der Zeit stellte die Freiwillige Feuerwehr Gera-Mitte die L\u00f6schwasserversorgung her. Der Brand konnte z\u00fcgig gel\u00f6scht werden. Die Autobahn war auf zwei Spuren w\u00e4hrend der Ma\u00dfnahmen gesperrt.<\/p>\n","protected":false},"excerpt":{"rendered":"<div class=\"mh-excerpt\"><p>Kurz vor 14.30 Uhr am 22. August 2025 wurde der TLF der Freiwilligen Feuerwehr Gera-Mitte gemeinsam mit der Feuerwache 1 und den Kr\u00e4ften aus Langenberg sowie Frankenthal auf die BAB 4 zum gemeldeten PKW-Brand alarmiert. <a class=\"mh-excerpt-more\" href=\"https:\/\/www.studiogera.de\/001\/2025\/08\/23\/brennender-pkw-auf-der-bab-4\/\" title=\"BRENNENDER PKW AUF DER BAB 4\">[&#8230;]<\/a><\/p>\n<\/div>","protected":false},"author":3,"featured_media":11738,"comment_status":"open","ping_status":"open","sticky":false,"template":"","format":"standard","meta":{"footnotes":""},"categories":[13],"tags":[],"class_list":{"0":"post-38668","1":"post","2":"type-post","3":"status-publish","4":"format-standard","5":"has-post-thumbnail","7":"category-polizeiberichte"},"_links":{"self":[{"href":"https:\/\/www.studiogera.de\/001\/wp-json\/wp\/v2\/posts\/38668","targetHints":{"allow":["GET"]}}],"collection":[{"href":"https:\/\/www.studiogera.de\/001\/wp-json\/wp\/v2\/posts"}],"about":[{"href":"https:\/\/www.studiogera.de\/001\/wp-json\/wp\/v2\/types\/post"}],"author":[{"embeddable":true,"href":"https:\/\/www.studiogera.de\/001\/wp-json\/wp\/v2\/users\/3"}],"replies":[{"embeddable":true,"href":"https:\/\/www.studiogera.de\/001\/wp-json\/wp\/v2\/comments?post=38668"}],"version-history":[{"count":1,"href":"https:\/\/www.studiogera.de\/001\/wp-json\/wp\/v2\/posts\/38668\/revisions"}],"predecessor-version":[{"id":38669,"href":"https:\/\/www.studiogera.de\/001\/wp-json\/wp\/v2\/posts\/38668\/revisions\/38669"}],"wp:featuredmedia":[{"embeddable":true,"href":"https:\/\/www.studiogera.de\/001\/wp-json\/wp\/v2\/media\/11738"}],"wp:attachment":[{"href":"https:\/\/www.studiogera.de\/001\/wp-json\/wp\/v2\/media?parent=38668"}],"wp:term":[{"taxonomy":"category","embeddable":true,"href":"https:\/\/www.studiogera.de\/001\/wp-json\/wp\/v2\/categories?post=38668"},{"taxonomy":"post_tag","embeddable":true,"href":"https:\/\/www.studiogera.de\/001\/wp-json\/wp\/v2\/tags?post=38668"}],"curies":[{"name":"wp","href":"https:\/\/api.w.org\/{rel}","templated":true}]}}