{"id":38679,"date":"2025-08-24T11:18:43","date_gmt":"2025-08-24T09:18:43","guid":{"rendered":"https:\/\/www.studiogera.de\/001\/?p=38679"},"modified":"2025-08-24T11:18:44","modified_gmt":"2025-08-24T09:18:44","slug":"sinkende-strompreise-durch-staatliche-zuschuesse","status":"publish","type":"post","link":"https:\/\/www.studiogera.de\/001\/2025\/08\/24\/sinkende-strompreise-durch-staatliche-zuschuesse\/","title":{"rendered":"SINKENDE STROMPREISE DURCH STAATLICHE ZUSCH\u00dcSSE"},"content":{"rendered":"\n<p>Verbraucher und Unternehmen in Deutschland d\u00fcrfen mit niedrigeren Strompreise im kommenden Jahr rechnen. Die Bundesregierung plant, die Netzentgelte durch einen Zuschuss von 6,5 Milliarden Euro zu senken, um die Stromkosten f\u00fcr die B\u00fcrger zu reduzieren. Das Geld, mit dem die \u00dcbertragungsnetzbetreiber staatlich subventioniert werden, soll dem Klima- und Transformationsfonds entnommen werden. Das Bundesministerium f\u00fcr Wirtschaft und Energie erarbeitet einen entsprechenden Gesetzesentwurf.<\/p>\n\n\n\n<p>Die \u00dcbertragungsnetzbetreiber in Deutschland werden derzeit sowohl durch direkte Zusch\u00fcsse zur Finanzierung der Netzentgelte als auch durch die staatliche F\u00f6rderung der erneuerbaren Energien subventioniert. Ohne staatliche Subventionen und finanzielle Unterst\u00fctzung w\u00fcrden die Netzentgelte deutlich steigen, da die Kosten f\u00fcr den Netzausbau und die Netznutzung st\u00e4rker auf die Verbraucher umgelegt werden m\u00fcssten.<\/p>\n\n\n\n<p>Positiv auf die Strompreise wirken sich au\u00dferdem die seit dem Vorjahr deutlich gesunkenen B\u00f6rsenpreise f\u00fcr Elektrizit\u00e4t aus, was zu Preisreduzierungen bei den Anbietern f\u00fchrt. Im Mai 2025 lag der durchschnittliche B\u00f6rsenstrompreis bei nur etwa 6,8 Cent pro Kilowattstunde, was den g\u00fcnstigsten Monat des Jahres darstellt. Auff\u00e4llig waren viele Negativpreise, bei denen der Strompreis zeitweise sogar unter null fiel, was haupts\u00e4chlich auf eine starke Solarstromproduktion zur\u00fcckzuf\u00fchren ist.<\/p>\n","protected":false},"excerpt":{"rendered":"<div class=\"mh-excerpt\"><p>Verbraucher und Unternehmen in Deutschland d\u00fcrfen mit niedrigeren Strompreise im kommenden Jahr rechnen. Die Bundesregierung plant, die Netzentgelte durch einen Zuschuss von 6,5 Milliarden Euro zu senken, um die Stromkosten f\u00fcr die B\u00fcrger zu reduzieren. <a class=\"mh-excerpt-more\" href=\"https:\/\/www.studiogera.de\/001\/2025\/08\/24\/sinkende-strompreise-durch-staatliche-zuschuesse\/\" title=\"SINKENDE STROMPREISE DURCH STAATLICHE ZUSCH\u00dcSSE\">[&#8230;]<\/a><\/p>\n<\/div>","protected":false},"author":2,"featured_media":38682,"comment_status":"open","ping_status":"open","sticky":false,"template":"","format":"standard","meta":{"footnotes":""},"categories":[4],"tags":[],"class_list":{"0":"post-38679","1":"post","2":"type-post","3":"status-publish","4":"format-standard","5":"has-post-thumbnail","7":"category-wirtschaft"},"_links":{"self":[{"href":"https:\/\/www.studiogera.de\/001\/wp-json\/wp\/v2\/posts\/38679","targetHints":{"allow":["GET"]}}],"collection":[{"href":"https:\/\/www.studiogera.de\/001\/wp-json\/wp\/v2\/posts"}],"about":[{"href":"https:\/\/www.studiogera.de\/001\/wp-json\/wp\/v2\/types\/post"}],"author":[{"embeddable":true,"href":"https:\/\/www.studiogera.de\/001\/wp-json\/wp\/v2\/users\/2"}],"replies":[{"embeddable":true,"href":"https:\/\/www.studiogera.de\/001\/wp-json\/wp\/v2\/comments?post=38679"}],"version-history":[{"count":3,"href":"https:\/\/www.studiogera.de\/001\/wp-json\/wp\/v2\/posts\/38679\/revisions"}],"predecessor-version":[{"id":38683,"href":"https:\/\/www.studiogera.de\/001\/wp-json\/wp\/v2\/posts\/38679\/revisions\/38683"}],"wp:featuredmedia":[{"embeddable":true,"href":"https:\/\/www.studiogera.de\/001\/wp-json\/wp\/v2\/media\/38682"}],"wp:attachment":[{"href":"https:\/\/www.studiogera.de\/001\/wp-json\/wp\/v2\/media?parent=38679"}],"wp:term":[{"taxonomy":"category","embeddable":true,"href":"https:\/\/www.studiogera.de\/001\/wp-json\/wp\/v2\/categories?post=38679"},{"taxonomy":"post_tag","embeddable":true,"href":"https:\/\/www.studiogera.de\/001\/wp-json\/wp\/v2\/tags?post=38679"}],"curies":[{"name":"wp","href":"https:\/\/api.w.org\/{rel}","templated":true}]}}