{"id":38684,"date":"2025-08-24T11:27:20","date_gmt":"2025-08-24T09:27:20","guid":{"rendered":"https:\/\/www.studiogera.de\/001\/?p=38684"},"modified":"2025-08-24T11:27:21","modified_gmt":"2025-08-24T09:27:21","slug":"musik-der-grossen-gefuehle-zum-saisonauftakt","status":"publish","type":"post","link":"https:\/\/www.studiogera.de\/001\/2025\/08\/24\/musik-der-grossen-gefuehle-zum-saisonauftakt\/","title":{"rendered":"MUSIK DER GROSSEN GEF\u00dcHLE ZUM SAISONAUFTAKT"},"content":{"rendered":"\n<p>Mit dem ersten Philharmonischen Konzert der Saison startet das Theater Altenburg Gera in eine neue musikalische Spielzeit. Unter dem Titel \u201eO Romeo!\u201c dreht sich das Programm, pr\u00e4sentiert vom Philharmonischen Orchester Altenburg Gera unter der musikalischen Leitung von Generalmusikdirektor Ruben Gazarian, um die gro\u00dfen Gef\u00fchle, die die Menschheit seit jeher bewegen: Liebe, Tod und Leidenschaft.<\/p>\n\n\n\n<p>Die Ouvert\u00fcre \u201eRomeo und Julia\u201c von Peter Tschaikowski entf\u00fchrt die Zuh\u00f6rer in die tragische Welt zweier Liebender. Besonders das ber\u00fchmte Liebesthema, getragen von schwelgerischen Streichern, geh\u00f6rt zu den bekanntesten Melodien der Musikgeschichte und erklingt bis heute regelm\u00e4\u00dfig in Konzerts\u00e4len, Filmen und Serien weltweit.<br>In Richard Strauss\u2018 \u201eTod und Verkl\u00e4rung\u201c op. 24 zeigt sich musikalisch eindrucksvoll die Reise eines Menschen in den letzten Momenten seines Lebens.<\/p>\n\n\n\n<p>Im zweiten Teil des Konzerts erklingt Dmitri Schostakowitschs 9. Sinfonie, komponiert 1945. In der Sowjetunion erwartete man vom Komponisten eine monumentale, festliche Sinfonie zum Sieg \u2013 nach dem Vorbild von Beethovens Neunter. Doch statt des erwarteten Triumphs schrieb Schostakowitsch ein kompaktes, klanglich transparentes Werk mit feinen Untert\u00f6nen und versteckten Zitaten \u2013 eine zur\u00fcckhaltende, vieldeutige Antwort auf seine Zeit.<\/p>\n\n\n\n<p>Auf\u00fchrungen gibt es am 17. und 18. September 2025 jeweils um 19.30 Uhr im Konzertsaal Gera sowie am Freitag, den 19. September, um 19.30 Uhr im Theaterzelt Altenburg.<\/p>\n\n\n\n<p>Eintrittskarten sind an den Theaterkassen sowie \u00fcber die Webseite des Theaters erh\u00e4ltlich. Diese sind unter der Rufnummer 0365 8279105 bzw. 03447 585160 sowie \u00fcber \u201ehttps:\/\/theater-altenburg-gera.de\/\u201d erreichbar.<\/p>\n\n\n\n<p>QUELLE: THEATER ALTENBURG GERA GGMBH<\/p>\n","protected":false},"excerpt":{"rendered":"<div class=\"mh-excerpt\"><p>Mit dem ersten Philharmonischen Konzert der Saison startet das Theater Altenburg Gera in eine neue musikalische Spielzeit. Unter dem Titel \u201eO Romeo!\u201c dreht sich das Programm, pr\u00e4sentiert vom Philharmonischen Orchester Altenburg Gera unter der musikalischen <a class=\"mh-excerpt-more\" href=\"https:\/\/www.studiogera.de\/001\/2025\/08\/24\/musik-der-grossen-gefuehle-zum-saisonauftakt\/\" title=\"MUSIK DER GROSSEN GEF\u00dcHLE ZUM SAISONAUFTAKT\">[&#8230;]<\/a><\/p>\n<\/div>","protected":false},"author":2,"featured_media":38685,"comment_status":"open","ping_status":"open","sticky":false,"template":"","format":"standard","meta":{"footnotes":""},"categories":[15],"tags":[],"class_list":{"0":"post-38684","1":"post","2":"type-post","3":"status-publish","4":"format-standard","5":"has-post-thumbnail","7":"category-theater"},"_links":{"self":[{"href":"https:\/\/www.studiogera.de\/001\/wp-json\/wp\/v2\/posts\/38684","targetHints":{"allow":["GET"]}}],"collection":[{"href":"https:\/\/www.studiogera.de\/001\/wp-json\/wp\/v2\/posts"}],"about":[{"href":"https:\/\/www.studiogera.de\/001\/wp-json\/wp\/v2\/types\/post"}],"author":[{"embeddable":true,"href":"https:\/\/www.studiogera.de\/001\/wp-json\/wp\/v2\/users\/2"}],"replies":[{"embeddable":true,"href":"https:\/\/www.studiogera.de\/001\/wp-json\/wp\/v2\/comments?post=38684"}],"version-history":[{"count":1,"href":"https:\/\/www.studiogera.de\/001\/wp-json\/wp\/v2\/posts\/38684\/revisions"}],"predecessor-version":[{"id":38686,"href":"https:\/\/www.studiogera.de\/001\/wp-json\/wp\/v2\/posts\/38684\/revisions\/38686"}],"wp:featuredmedia":[{"embeddable":true,"href":"https:\/\/www.studiogera.de\/001\/wp-json\/wp\/v2\/media\/38685"}],"wp:attachment":[{"href":"https:\/\/www.studiogera.de\/001\/wp-json\/wp\/v2\/media?parent=38684"}],"wp:term":[{"taxonomy":"category","embeddable":true,"href":"https:\/\/www.studiogera.de\/001\/wp-json\/wp\/v2\/categories?post=38684"},{"taxonomy":"post_tag","embeddable":true,"href":"https:\/\/www.studiogera.de\/001\/wp-json\/wp\/v2\/tags?post=38684"}],"curies":[{"name":"wp","href":"https:\/\/api.w.org\/{rel}","templated":true}]}}