{"id":38780,"date":"2025-09-01T09:54:50","date_gmt":"2025-09-01T07:54:50","guid":{"rendered":"https:\/\/www.studiogera.de\/001\/?p=38780"},"modified":"2025-09-01T09:54:51","modified_gmt":"2025-09-01T07:54:51","slug":"forum-zur-neugestaltung-der-zukunft","status":"publish","type":"post","link":"https:\/\/www.studiogera.de\/001\/2025\/09\/01\/forum-zur-neugestaltung-der-zukunft\/","title":{"rendered":"FORUM ZUR NEUGESTALTUNG DER ZUKUNFT"},"content":{"rendered":"\n<p><em>Die Agentur Immocom initiiert die \u201eVisionale\u201c als Er\u00f6ffnungsveranstaltung f\u00fcr \u201eNew Bauhaus\u201c. Das deutschlandweite Modellprojekt f\u00fcr eine gestaltete Zukunft soll seinen Anfang in Weimar nehmen. Zwei Tage lang wird die Weimarhalle zum lebendigen Forum f\u00fcr Ideen, Experimente und Visionen, die in den Monaten zuvor in den LAB entwickelt wurden. Die \u201eVisionale\u201c versteht sich als interdisziplin\u00e4res Ideenlaboratorium f\u00fcr Herausforderungen der gebauten Umwelt sowie der gesellschaftliche Transformation und f\u00f6rdert neue Formen des Miteinanders in Stadt und Architektur. Es sollen Modelle f\u00fcr die Zukunft entworfen und umgesetzt werden.<\/em><\/p>\n\n\n\n<p>Mit der \u201eVisionale\u201c am 3. und 4. September 2025 in der Weimarhalle geht \u201eNew Bauhaus\u201c 2026 offiziell in die \u00d6ffentlichkeit. Das von Immocom initiierte Projekt ist mehr als eine kulturelle Initiative: Es ist ein deutschlandweit angelegtes Zukunftslabor, das Gestaltung als Instrument gesellschaftlicher Transformation versteht \u2013 und in den kommenden Jahren europaweit weiterentwickelt werden soll.<\/p>\n\n\n\n<p>Zwei Tage lang bringt das Format Stimmen aus Architektur, Wissenschaft, Kunst, Zivilgesellschaft und Politik in Austausch \u2013 und legt die programmatischen Grundlagen f\u00fcr \u201eNew Bauhaus\u201c 2026 in der Messe Erfurt. Im Zentrum stehen dabei sechs LAB (Kurzform f\u00fcr Laboratories), die als offene Denk- und Praxisr\u00e4ume angelegt sind und bereits im Sommer an unterschiedlichen Orten im ganzen Land Ideen f\u00fcr zukunftsf\u00e4higes Leben, Bauen und Gestalten entwickeln. Die LAB konzentrieren sich auf unterschiedlichste Fragestellungen \u2013 von zukunftsf\u00e4higem Wohnen \u00fcber digitale Innovationsr\u00e4ume und neue Materialkreisl\u00e4ufe bis hin zu kulturellem Wandel, sozialer Infrastruktur und dem Verh\u00e4ltnis von Stadt und Land. Was sie verbindet, ist ein gemeinsames Ziel: Modelle f\u00fcr ein besseres Morgen zu entwerfen und zur Umsetzung zu bringen.<\/p>\n\n\n\n<p><a href=\"https:\/\/www.new-bauhaus.de\">https:\/\/www.new-bauhaus.de<\/a><\/p>\n\n\n\n<p>Michael Kynast, Gesch\u00e4ftsf\u00fchrer der Messe Erfurt und Tr\u00e4ger des Projektes, betont die Bedeutung des Auftaktes:<\/p>\n\n\n\n<blockquote class=\"wp-block-quote is-layout-flow wp-block-quote-is-layout-flow\">\n<p>\u201eMit der Visionale beginnt kein klassisches Festival, sondern ein Experiment. New Bauhaus versteht Gestaltung nicht als Disziplin, sondern als gesellschaftlichen Prozess. In unseren LAB verbinden wir lokale St\u00e4rke mit globaler Offenheit, Praxis mit Theorie und Gegenwart mit Zukunft. Mit New Bauhaus geben wir Th\u00fcringen eine Rolle als bundesweites Schaufenster f\u00fcr gesellschaftliche Gestaltungskraft. Die LAB stehen f\u00fcr das, was Deutschland braucht: Umsetzbare, ortsnahe L\u00f6sungen, die regionale Identit\u00e4t und globale Herausforderungen zusammendenken.\u201c<\/p>\n<\/blockquote>\n\n\n\n<p>Die \u201eVisionale\u201c am 3. und 4. September 2025 bringt an zwei Tagen Stimmen aus ganz Deutschland zusammen \u2013 von politischer F\u00fchrung \u00fcber Architekturszene bis hin zu zivilgesellschaftlichen und Akteuren. Ministerpr\u00e4sident Prof. Dr. Mario Voigt er\u00f6ffnet die Veranstaltung, begleitet von Impulsen und Gespr\u00e4chsrunden mit Pers\u00f6nlichkeiten wie Peter H\u00fcbner vom Hauptverband der Deutschen Bauindustrie, Jana Mrowetz als &#8222;Urban Cell&#8220; und Reiner Nagel von der Bundesstiftung Baukultur. Auch Bundesministerin Verena Hubertz sendet eine offizielle Gru\u00dfbotschaft. Ein H\u00f6hepunkt ist die gestaffelte Pr\u00e4sentation der sechs LAB \u2013 Living Periods, Living Lab, Living Spaces, Living Transformation, Living Areas und Living Materials. Der Abend bringt unter dem Titel \u201eDie Neugestaltung der Zukunft\u201c weitere Impulse, unter anderem von Prof. Dr. Gesine Schwan, Schriftsteller Wolfram Eilenberger und KI-Expertin Laura Lewandowski. Der zweite Tag beginnt mit dem \u201eDenkfr\u00fchst\u00fcck\u201c unter dem Titel \u201eDas Neue erzwingen\u201c, kuratiert als offenes Labor f\u00fcr Theorien, Thesen und Praxisans\u00e4tze.<\/p>\n\n\n\n<p>Die \u201eVisionale\u201c ist der erste gro\u00dfe \u00f6ffentliche Moment des \u201eNew Bauhaus\u201c \u2013 und sie folgt einem eigenen Rhythmus. Sie ist kein starres Veranstaltungsformat, sondern eine Bewegung durch R\u00e4ume, Themen und Ausdrucksformen. In Anlehnung an die Bauhausfeste der 1920er-Jahre verbindet sie inhaltliche Impulse mit k\u00fcnstlerischen Interventionen, Gespr\u00e4che mit performativen Formaten, tempor\u00e4re Architektur mit gesellschaftlicher Debatte. Kunst und Kultur sind keine Begleiterscheinung, sondern tragende Elemente. Lokale und \u00fcberregionale Akteurinnen und Akteure gestalten das Programm mit \u2013 ebenso wie die Stadt Weimar selbst, die an mehreren Orten Teil des Geschehens wird. Am Vormittag des 3. Septembers hei\u00dft es \u201eStadt in Bewegung: Der \u00f6ffentliche Raum und New Bauhaus\u201c. An verschiedenen Stellen in Weimar wird die urbane Struktur sichtbar gemacht \u2013 und zugleich unterbrochen, irritiert, neu geschrieben. Weimar wird dabei nicht nur bespielt, sondern bewusst einbezogen: als aktiver Teil eines Prozesses, der Gestaltung nicht zeigt, sondern vollzieht.<\/p>\n\n\n\n<p><strong>Weimar als Ausgangspunkt \u2013 Europa im Blick<\/strong><br>Die Wahl des Startortes Weimar ist historisch konsequent \u2013 und strategisch ambitioniert. Was in Th\u00fcringen beginnt, soll deutschlandweit Wirkung entfalten und europaweit anschlussf\u00e4hig sein. Schon heute besteht das Netzwerk von \u201eNew Bauhaus\u201c aus Partnern in mehreren Bundesl\u00e4ndern, Hochschulen, kommunalen Einrichtungen und Unternehmen. Die Erfahrungen aus dem Jahr 2025 sollen als Modell dienen \u2013 f\u00fcr neue Allianzen, neue Narrative und neue Handlungsspielr\u00e4ume in ganz Europa.<\/p>\n\n\n\n<p><strong>Hochkar\u00e4tiges Pr\u00e4sidium unterst\u00fctzt \u201eNew Bauhaus\u201c<\/strong><br>Prof. Dr. Engelbert L\u00fctke Daldrup, Sprecher des Pr\u00e4sidiums von \u201eNew Bauhaus\u201c, erl\u00e4utert den Anspruch:<\/p>\n\n\n\n<blockquote class=\"wp-block-quote is-layout-flow wp-block-quote-is-layout-flow\">\n<p>\u201eNew Bauhaus kann ein Werkzeug des Wandels sein. Es bringt Expertise, Praxis und Gemeinsinn zusammen \u2013 mit dem Ziel, gesellschaftliche Zukunft mitzugestalten. Dass wir hier in Th\u00fcringen starten, ist Bauhaus-Tradition. Aber unsere Perspektive ist klar europ\u00e4isch.\u201c<\/p>\n<\/blockquote>\n\n\n\n<p>Zu den Mitgliedern des Pr\u00e4sidiums z\u00e4hlen unter anderem Prof. Hans Joachim Schellnhuber vom International Institute for Applied Systems Analysis, Prof. Peter Benz, Pr\u00e4sident der Bauhaus-Universit\u00e4t Weimar, Andrea Gebhard, Pr\u00e4sidentin der Bundesarchitektenkammer, Prof. Dr. Werber Sobek, Vorsitzender des Aufsichtsrates der Werner Sobek AG, Axel Gedaschko, Pr\u00e4sident des GdW Bundesverband deutscher Wohnungs- und Immobilienunternehmen e. V., Wolfgang Tiefensee, Bundesminister a. D., Reiner Nagel, Vorstandsvorsitzender der Bundesstiftung Baukultur, sowie Vertreterinnen und Vertreter aus der Bauwirtschaft, Wissenschaft, Hochschulen und Bundesministerien. Die Zusammensetzung des Pr\u00e4sidiums steht exemplarisch f\u00fcr den interdisziplin\u00e4ren und bundesweiten Anspruch von \u201eNew Bauhaus\u201c.<\/p>\n\n\n\n<p>QUELLE: IMMOCOM<\/p>\n","protected":false},"excerpt":{"rendered":"<div class=\"mh-excerpt\"><p>Die Agentur Immocom initiiert die \u201eVisionale\u201c als Er\u00f6ffnungsveranstaltung f\u00fcr \u201eNew Bauhaus\u201c. Das deutschlandweite Modellprojekt f\u00fcr eine gestaltete Zukunft soll seinen Anfang in Weimar nehmen. Zwei Tage lang wird die Weimarhalle zum lebendigen Forum f\u00fcr Ideen, <a class=\"mh-excerpt-more\" href=\"https:\/\/www.studiogera.de\/001\/2025\/09\/01\/forum-zur-neugestaltung-der-zukunft\/\" title=\"FORUM ZUR NEUGESTALTUNG DER ZUKUNFT\">[&#8230;]<\/a><\/p>\n<\/div>","protected":false},"author":2,"featured_media":38783,"comment_status":"open","ping_status":"open","sticky":false,"template":"","format":"standard","meta":{"footnotes":""},"categories":[6],"tags":[],"class_list":{"0":"post-38780","1":"post","2":"type-post","3":"status-publish","4":"format-standard","5":"has-post-thumbnail","7":"category-gesellschaft"},"_links":{"self":[{"href":"https:\/\/www.studiogera.de\/001\/wp-json\/wp\/v2\/posts\/38780","targetHints":{"allow":["GET"]}}],"collection":[{"href":"https:\/\/www.studiogera.de\/001\/wp-json\/wp\/v2\/posts"}],"about":[{"href":"https:\/\/www.studiogera.de\/001\/wp-json\/wp\/v2\/types\/post"}],"author":[{"embeddable":true,"href":"https:\/\/www.studiogera.de\/001\/wp-json\/wp\/v2\/users\/2"}],"replies":[{"embeddable":true,"href":"https:\/\/www.studiogera.de\/001\/wp-json\/wp\/v2\/comments?post=38780"}],"version-history":[{"count":3,"href":"https:\/\/www.studiogera.de\/001\/wp-json\/wp\/v2\/posts\/38780\/revisions"}],"predecessor-version":[{"id":38784,"href":"https:\/\/www.studiogera.de\/001\/wp-json\/wp\/v2\/posts\/38780\/revisions\/38784"}],"wp:featuredmedia":[{"embeddable":true,"href":"https:\/\/www.studiogera.de\/001\/wp-json\/wp\/v2\/media\/38783"}],"wp:attachment":[{"href":"https:\/\/www.studiogera.de\/001\/wp-json\/wp\/v2\/media?parent=38780"}],"wp:term":[{"taxonomy":"category","embeddable":true,"href":"https:\/\/www.studiogera.de\/001\/wp-json\/wp\/v2\/categories?post=38780"},{"taxonomy":"post_tag","embeddable":true,"href":"https:\/\/www.studiogera.de\/001\/wp-json\/wp\/v2\/tags?post=38780"}],"curies":[{"name":"wp","href":"https:\/\/api.w.org\/{rel}","templated":true}]}}