{"id":38785,"date":"2025-09-01T10:20:13","date_gmt":"2025-09-01T08:20:13","guid":{"rendered":"https:\/\/www.studiogera.de\/001\/?p=38785"},"modified":"2025-09-01T10:20:13","modified_gmt":"2025-09-01T08:20:13","slug":"stadtverwaltung-unterstuetzt-lsbtiq-aktion","status":"publish","type":"post","link":"https:\/\/www.studiogera.de\/001\/2025\/09\/01\/stadtverwaltung-unterstuetzt-lsbtiq-aktion\/","title":{"rendered":"STADTVERWALTUNG UNTERST\u00dcTZT LSBTIQ-AKTION"},"content":{"rendered":"\n<p>Am 29. August 2025 war der \u201eWear it Purple-Day\u201d. Der Aktionstag wurde 2010 in Australien von Jugendlichen ins Leben gerufen, mit dem Ziel, auf die besonderen Lebenslagen von lesbischen, schwulen, bisexuellen, trans-, intergeschlechtlichen und queeren jungen Menschen aufmerksam zu machen und ein sichtbares Zeichen f\u00fcr Akzeptanz, Zugeh\u00f6rigkeit und Sicherheit zu setzen. Die Farbe Lila bzw. \u201ePurple\u201c steht dabei symbolisch f\u00fcr Vielfalt.<\/p>\n\n\n\n<p>Die Stadtverwaltung weist auf eine zunehmende Bedeutung in Deutschland hin. F\u00fcr Jugendliche sei es ein wichtiges Signal, wenn Unterst\u00fctzung und Ansprechpersonen gut sichtbar sind. Angebote, die Orientierung geben, offene Gespr\u00e4che erm\u00f6glichen und Vielfalt wertsch\u00e4tzen, k\u00f6nnten entscheidend dazu beitragen, dass junge Menschen sich in ihrem Alltag angenommen und gest\u00e4rkt f\u00fchlen.<\/p>\n\n\n\n<p>Sozialdezernentin Sandra Wanzar (parteilos) betonte:<\/p>\n\n\n\n<blockquote class=\"wp-block-quote is-layout-flow wp-block-quote-is-layout-flow\">\n<p>\u201eQueere Jugendliche brauchen Umgebungen, an denen sie sich sicher, akzeptiert und verstanden f\u00fchlen k\u00f6nnen. Der &#8218;Wear it Purple-Day&#8216; erinnert uns daran, wie wichtig es ist, diese Unterst\u00fctzung sichtbar zu machen und Vielfalt als selbstverst\u00e4ndlichen Teil unserer Gesellschaft zu f\u00f6rdern.\u201c<\/p>\n<\/blockquote>\n\n\n\n<p>Die Stadt unterst\u00fctzte den Aktionstag, indem sie auf bestehende Beratungs- und Informationsangebote hinwies. Damit sollen Jugendliche, Eltern und Fachkr\u00e4fte einen \u00dcberblick erhalten, an wen sie sich bei Fragen und Anliegen wenden k\u00f6nnen.<\/p>\n\n\n\n<p>In Gera ist die Kinder- und Jugendbeauftragte Ingrid Wiesner-Eifrig erste Ansprechpartnerinnen f\u00fcr alle Belange von Kindern und Jugendlichen. Diese k\u00f6nnen sich mit allen Fragen, W\u00fcnschen und Bedarfen an sie wenden. Die Kinder- und Jugendbeauftragte nimmt sich den W\u00fcnschen an und kann bei Bedarf den Kontakt zu weiterf\u00fchrenden Beratungsstellen herstellen. Zu erreichen ist sie \u00fcber \u201ekinder.jugendbeauftragte@gera.de\u201c oder zu ihren Sprechzeiten, immer dienstags von 13 Uhr bis 18 Uhr im Service Generationen in der Heinrichstra\u00dfe 43. Die Kinder- und Jugendbeauftragte f\u00fchrt aus:<\/p>\n\n\n\n<blockquote class=\"wp-block-quote is-layout-flow wp-block-quote-is-layout-flow\">\n<p>\u201eAls Kinder- und Jugendbeauftragte bin ich f\u00fcr alle jungen Menschen da \u2013 ganz gleich, welche Fragen, W\u00fcnsche oder Sorgen sie haben. Mir ist wichtig, dass Jugendliche wissen: Sie k\u00f6nnen jederzeit auf mich zukommen, wenn sie eine Ansprechperson brauchen. Offenheit, Respekt und Vielfalt geh\u00f6ren f\u00fcr mich selbstverst\u00e4ndlich dazu.\u201c<\/p>\n<\/blockquote>\n\n\n\n<p>QUELLE: STADTVERWALTUNG<\/p>\n","protected":false},"excerpt":{"rendered":"<div class=\"mh-excerpt\"><p>Am 29. August 2025 war der \u201eWear it Purple-Day\u201d. Der Aktionstag wurde 2010 in Australien von Jugendlichen ins Leben gerufen, mit dem Ziel, auf die besonderen Lebenslagen von lesbischen, schwulen, bisexuellen, trans-, intergeschlechtlichen und queeren <a class=\"mh-excerpt-more\" href=\"https:\/\/www.studiogera.de\/001\/2025\/09\/01\/stadtverwaltung-unterstuetzt-lsbtiq-aktion\/\" title=\"STADTVERWALTUNG UNTERST\u00dcTZT LSBTIQ-AKTION\">[&#8230;]<\/a><\/p>\n<\/div>","protected":false},"author":2,"featured_media":38786,"comment_status":"open","ping_status":"open","sticky":false,"template":"","format":"standard","meta":{"footnotes":""},"categories":[3],"tags":[],"class_list":{"0":"post-38785","1":"post","2":"type-post","3":"status-publish","4":"format-standard","5":"has-post-thumbnail","7":"category-lokal"},"_links":{"self":[{"href":"https:\/\/www.studiogera.de\/001\/wp-json\/wp\/v2\/posts\/38785","targetHints":{"allow":["GET"]}}],"collection":[{"href":"https:\/\/www.studiogera.de\/001\/wp-json\/wp\/v2\/posts"}],"about":[{"href":"https:\/\/www.studiogera.de\/001\/wp-json\/wp\/v2\/types\/post"}],"author":[{"embeddable":true,"href":"https:\/\/www.studiogera.de\/001\/wp-json\/wp\/v2\/users\/2"}],"replies":[{"embeddable":true,"href":"https:\/\/www.studiogera.de\/001\/wp-json\/wp\/v2\/comments?post=38785"}],"version-history":[{"count":1,"href":"https:\/\/www.studiogera.de\/001\/wp-json\/wp\/v2\/posts\/38785\/revisions"}],"predecessor-version":[{"id":38787,"href":"https:\/\/www.studiogera.de\/001\/wp-json\/wp\/v2\/posts\/38785\/revisions\/38787"}],"wp:featuredmedia":[{"embeddable":true,"href":"https:\/\/www.studiogera.de\/001\/wp-json\/wp\/v2\/media\/38786"}],"wp:attachment":[{"href":"https:\/\/www.studiogera.de\/001\/wp-json\/wp\/v2\/media?parent=38785"}],"wp:term":[{"taxonomy":"category","embeddable":true,"href":"https:\/\/www.studiogera.de\/001\/wp-json\/wp\/v2\/categories?post=38785"},{"taxonomy":"post_tag","embeddable":true,"href":"https:\/\/www.studiogera.de\/001\/wp-json\/wp\/v2\/tags?post=38785"}],"curies":[{"name":"wp","href":"https:\/\/api.w.org\/{rel}","templated":true}]}}