{"id":38788,"date":"2025-09-01T20:55:57","date_gmt":"2025-09-01T18:55:57","guid":{"rendered":"https:\/\/www.studiogera.de\/001\/?p=38788"},"modified":"2025-09-01T20:55:57","modified_gmt":"2025-09-01T18:55:57","slug":"vorverkauf-fuer-das-internationale-ballettfestival-beginnt","status":"publish","type":"post","link":"https:\/\/www.studiogera.de\/001\/2025\/09\/01\/vorverkauf-fuer-das-internationale-ballettfestival-beginnt\/","title":{"rendered":"VORVERKAUF F\u00dcR DAS INTERNATIONALE BALLETTFESTIVAL BEGINNT"},"content":{"rendered":"\n<p>Am Dienstag, den 2. September 2025, beginnt der Vorverkauf f\u00fcr das Internationale Ballettfestival, das vom Freitag, den 8. Mai, bis Donnerstag, den 21. Mai 2026, in Gera stattfindet. Mit diesem Festival kn\u00fcpft das Theater Altenburg Gera an eine besondere Tanztradition an, die vor 100 Jahren in Gera ihren Anfang nahm.<\/p>\n\n\n\n<p>Was in der Spielzeit 1925\/1926 mit Yvonne Georgi und ihrer Tanzgruppe begann, hat sich zu einer einzigartigen Erfolgsgeschichte entwickelt. Georgi leitete 1925 erstmals eine Tanzgruppe am Theater Gera und brach mutig mit den Konventionen des klassischen B\u00fchnentanzes. Ihr Auftritt markierte den t\u00e4nzerischen Aufbruch in der Stadt und legte den Grundstein f\u00fcr die Entwicklung des heutigen Th\u00fcringer Staatsballetts, das mittlerweile zu den aufstrebenden Compagnien in Deutschland z\u00e4hlt.<\/p>\n\n\n\n<p>Das Festival bringt herausragende internationale G\u00e4ste nach Gera: das Aalto Ballett Essen, das Boston Dance Theater, das Bundesjugendballett John Neumeier sowie die Compagnie Sasha Waltz &amp; Guests. Erg\u00e4nzt werden die Gastspiele durch Auftritte des Th\u00fcringer Staatsballetts mit dem Klassiker \u201eRomeo und Julia\u201c sowie dem Doppelabend \u201eJeu de Cartes\/Pulcinella\u201c.<\/p>\n\n\n\n<p>Dar\u00fcber hinaus pr\u00e4sentiert das Th\u00fcringer Staatsballett mit der Rekonstruktion von Yvonne Georgis Choreografie \u201eGl\u00fcck, Tod und Traum\u201c, eine sparten\u00fcbergreifende Neuproduktion mit Tanz, Musik und Schauspiel. Zwei Philharmonische Konzerte runden das Programm ab und lassen jene Musik erklingen, die Georgi und ihre Tanzgruppe bereits in der Spielzeit 1925\/1926 vertanzt haben.<\/p>\n\n\n\n<p>Dar\u00fcber hinaus bietet das Festival ein umfangreiches Rahmenprogramm mit einer Ballett-Gala, internationalen G\u00e4sten, Workshops, Filmpr\u00e4sentationen, thematischen Foren und einer Ausstellung in der Orangerie, die in Zusammenarbeit mit der Kunstsammlung Gera entsteht.<\/p>\n\n\n\n<p>Beim Kauf von mindestens drei Vorstellungen der Gastcompagnien gibt es einen exklusiven Rabatt von 15 % pro Eintrittskarte.<\/p>\n\n\n\n<p>Das vollst\u00e4ndige Programm ist unter \u201ewww.theater-altenburg-gera.de\u201c sowie als Festivalbrosch\u00fcre an den Theaterkassen erh\u00e4ltlich.<\/p>\n\n\n\n<p>Eintrittskarten sind an den Theaterkassen sowie \u00fcber die Webseite des Theaters erh\u00e4ltlich. Diese sind unter der Rufnummer 0365 8279105 bzw. 03447 585160 sowie \u00fcber \u201ehttps:\/\/theater-altenburg-gera.de\/\u201d erreichbar.<\/p>\n\n\n\n<p>QUELLE: THEATER ALTENBURG GERA GGMBH<\/p>\n","protected":false},"excerpt":{"rendered":"<div class=\"mh-excerpt\"><p>Am Dienstag, den 2. September 2025, beginnt der Vorverkauf f\u00fcr das Internationale Ballettfestival, das vom Freitag, den 8. Mai, bis Donnerstag, den 21. Mai 2026, in Gera stattfindet. Mit diesem Festival kn\u00fcpft das Theater Altenburg <a class=\"mh-excerpt-more\" href=\"https:\/\/www.studiogera.de\/001\/2025\/09\/01\/vorverkauf-fuer-das-internationale-ballettfestival-beginnt\/\" title=\"VORVERKAUF F\u00dcR DAS INTERNATIONALE BALLETTFESTIVAL BEGINNT\">[&#8230;]<\/a><\/p>\n<\/div>","protected":false},"author":2,"featured_media":38789,"comment_status":"open","ping_status":"open","sticky":false,"template":"","format":"standard","meta":{"footnotes":""},"categories":[15],"tags":[],"class_list":{"0":"post-38788","1":"post","2":"type-post","3":"status-publish","4":"format-standard","5":"has-post-thumbnail","7":"category-theater"},"_links":{"self":[{"href":"https:\/\/www.studiogera.de\/001\/wp-json\/wp\/v2\/posts\/38788","targetHints":{"allow":["GET"]}}],"collection":[{"href":"https:\/\/www.studiogera.de\/001\/wp-json\/wp\/v2\/posts"}],"about":[{"href":"https:\/\/www.studiogera.de\/001\/wp-json\/wp\/v2\/types\/post"}],"author":[{"embeddable":true,"href":"https:\/\/www.studiogera.de\/001\/wp-json\/wp\/v2\/users\/2"}],"replies":[{"embeddable":true,"href":"https:\/\/www.studiogera.de\/001\/wp-json\/wp\/v2\/comments?post=38788"}],"version-history":[{"count":1,"href":"https:\/\/www.studiogera.de\/001\/wp-json\/wp\/v2\/posts\/38788\/revisions"}],"predecessor-version":[{"id":38790,"href":"https:\/\/www.studiogera.de\/001\/wp-json\/wp\/v2\/posts\/38788\/revisions\/38790"}],"wp:featuredmedia":[{"embeddable":true,"href":"https:\/\/www.studiogera.de\/001\/wp-json\/wp\/v2\/media\/38789"}],"wp:attachment":[{"href":"https:\/\/www.studiogera.de\/001\/wp-json\/wp\/v2\/media?parent=38788"}],"wp:term":[{"taxonomy":"category","embeddable":true,"href":"https:\/\/www.studiogera.de\/001\/wp-json\/wp\/v2\/categories?post=38788"},{"taxonomy":"post_tag","embeddable":true,"href":"https:\/\/www.studiogera.de\/001\/wp-json\/wp\/v2\/tags?post=38788"}],"curies":[{"name":"wp","href":"https:\/\/api.w.org\/{rel}","templated":true}]}}