{"id":38793,"date":"2025-09-02T09:46:13","date_gmt":"2025-09-02T07:46:13","guid":{"rendered":"https:\/\/www.studiogera.de\/001\/?p=38793"},"modified":"2025-09-02T09:57:15","modified_gmt":"2025-09-02T07:57:15","slug":"deutschlands-gasspeicher-zu-71-gefuellt","status":"publish","type":"post","link":"https:\/\/www.studiogera.de\/001\/2025\/09\/02\/deutschlands-gasspeicher-zu-71-gefuellt\/","title":{"rendered":"DEUTSCHLANDS GASSPEICHER ZU 71 % GEF\u00dcLLT"},"content":{"rendered":"\n<p>Nach Einsch\u00e4tzung der Bundesregierung ist keine Eile bei der Bef\u00fcllung der Gasspeicher geboten. Der F\u00fcllstand der unterirdischen Kavernen ist zwar mit gegenw\u00e4rtig 71 % niedriger als zum gleichen Zeitpunkt der vergangenen beiden Jahre, wo es mehr als 90 % waren, doch die Bundesregierung sieht keine Engp\u00e4sse kommen. Aufgrund neuer, flexibler Versorgungsm\u00f6glichkeiten h\u00e4tten Gasspeicher an Attraktivit\u00e4t verloren. Verwiesen wird auf das Leitungsgas aus Norwegen und die drei schwimmenden Fl\u00fcssigerdgasterminals.<\/p>\n\n\n\n<p>Die am 22. Juni 2022 ausgerufene \u201eAlarmstufe\u201c des Notfallplans Gas, die in der akuten Gasversorgungskrise am 22. Juni 2022 ausgerufen worden war, wurde im Juli 2025 ersetzt durch die \u201eFr\u00fchwarnstufe\u201c. Somit gilt wieder die erste Stufe des dreistufigen Notfallplans.<\/p>\n\n\n\n<p>Gash\u00e4ndler berichteten von ung\u00fcnstigen Gro\u00dfhandelspreisen w\u00e4hrend des Sommers. Mit Ber\u00fccksichtigung der Kosten f\u00fcr den Leitungstransport und die Speicherung des Erdgases sei es nicht m\u00f6glich gewesen, ausreichende Gewinne zu erzielen.<\/p>\n\n\n\n<p>Die Gasspeicher m\u00fcssen gebucht werden, was in diesem Jahr bislang in einem geringerem Umfang geschah. Inzwischen f\u00fcllen sie sich aufgrund der sinkenden Preise wieder schneller. Vollst\u00e4ndig gef\u00fcllte Gasspeicher reichen etwa f\u00fcr zwei durchschnittliche Wintermonate.<\/p>\n\n\n\n<p>Indessen sieht die Weltwetterorganisation Anzeichen f\u00fcr das Wetterph\u00e4nomen La Ni\u00f1a, durch welches die globale Durchschnittstemperatur sinkt. Dieses macht sich in Deutschland zwar nur in abgeschw\u00e4chter Form bemerkbar, kann aber trotzdem f\u00fcr k\u00e4ltere Winter sorgen. Eine Zunahme von Schnee, starkem Frost oder fr\u00fchen Wintereinbr\u00fcchen ist m\u00f6glich. Zeichnet sich in Deutschland in diesem Zusammenhang ein Mehrbedarf an Gas ab, k\u00f6nnten die Preise bereits im Vorfeld stark ansteigen.<\/p>\n","protected":false},"excerpt":{"rendered":"<div class=\"mh-excerpt\"><p>Nach Einsch\u00e4tzung der Bundesregierung ist keine Eile bei der Bef\u00fcllung der Gasspeicher geboten. Der F\u00fcllstand der unterirdischen Kavernen ist zwar mit gegenw\u00e4rtig 71 % niedriger als zum gleichen Zeitpunkt der vergangenen beiden Jahre, wo es <a class=\"mh-excerpt-more\" href=\"https:\/\/www.studiogera.de\/001\/2025\/09\/02\/deutschlands-gasspeicher-zu-71-gefuellt\/\" title=\"DEUTSCHLANDS GASSPEICHER ZU 71 % GEF\u00dcLLT\">[&#8230;]<\/a><\/p>\n<\/div>","protected":false},"author":2,"featured_media":17476,"comment_status":"open","ping_status":"open","sticky":false,"template":"","format":"standard","meta":{"footnotes":""},"categories":[4],"tags":[],"class_list":{"0":"post-38793","1":"post","2":"type-post","3":"status-publish","4":"format-standard","5":"has-post-thumbnail","7":"category-wirtschaft"},"_links":{"self":[{"href":"https:\/\/www.studiogera.de\/001\/wp-json\/wp\/v2\/posts\/38793","targetHints":{"allow":["GET"]}}],"collection":[{"href":"https:\/\/www.studiogera.de\/001\/wp-json\/wp\/v2\/posts"}],"about":[{"href":"https:\/\/www.studiogera.de\/001\/wp-json\/wp\/v2\/types\/post"}],"author":[{"embeddable":true,"href":"https:\/\/www.studiogera.de\/001\/wp-json\/wp\/v2\/users\/2"}],"replies":[{"embeddable":true,"href":"https:\/\/www.studiogera.de\/001\/wp-json\/wp\/v2\/comments?post=38793"}],"version-history":[{"count":2,"href":"https:\/\/www.studiogera.de\/001\/wp-json\/wp\/v2\/posts\/38793\/revisions"}],"predecessor-version":[{"id":38795,"href":"https:\/\/www.studiogera.de\/001\/wp-json\/wp\/v2\/posts\/38793\/revisions\/38795"}],"wp:featuredmedia":[{"embeddable":true,"href":"https:\/\/www.studiogera.de\/001\/wp-json\/wp\/v2\/media\/17476"}],"wp:attachment":[{"href":"https:\/\/www.studiogera.de\/001\/wp-json\/wp\/v2\/media?parent=38793"}],"wp:term":[{"taxonomy":"category","embeddable":true,"href":"https:\/\/www.studiogera.de\/001\/wp-json\/wp\/v2\/categories?post=38793"},{"taxonomy":"post_tag","embeddable":true,"href":"https:\/\/www.studiogera.de\/001\/wp-json\/wp\/v2\/tags?post=38793"}],"curies":[{"name":"wp","href":"https:\/\/api.w.org\/{rel}","templated":true}]}}