{"id":38796,"date":"2025-09-02T10:06:36","date_gmt":"2025-09-02T08:06:36","guid":{"rendered":"https:\/\/www.studiogera.de\/001\/?p=38796"},"modified":"2025-09-02T10:06:36","modified_gmt":"2025-09-02T08:06:36","slug":"vorlesereihe-wird-nach-sommerpause-fortgesetzt","status":"publish","type":"post","link":"https:\/\/www.studiogera.de\/001\/2025\/09\/02\/vorlesereihe-wird-nach-sommerpause-fortgesetzt\/","title":{"rendered":"VORLESEREIHE WIRD NACH SOMMERPAUSE FORTGESETZT"},"content":{"rendered":"\n<p><em>Am Sonnabend, den 6. September 2025, beginnt um 10.30 Uhr die Vorlesereihe \u201eB\u00fccher bei\u00dfen nicht!\u201c in der Geraer Kinderbibliothek nach der Sommerpause neu.<\/em><\/p>\n\n\n\n<p>Zum Auftakt wird \u201eDas Traumfresserchen\u201c vorgestellt, eine Bilderbuchklassiker von Michael Ende, der kleinen und gr\u00f6\u00dferen Kindern hilft, die Angst vor Alptr\u00e4umen mittels eines Zauberspruchs zu \u00fcberwinden. Eine Woche sp\u00e4ter, am 13. September, folgt \u201eGiesbert und der Gluckerbach\u201c, ein Buch f\u00fcr Naturfreunde und alle, die es werden wollen von Daniela Drescher. Der kleine Regenrinnenwicht lebt in seinem eigenen Universum, in einem Garten mit Entenk\u00fcken, Biber und anderen Naturwesen. Er trifft auf Elfen und V\u00f6gel, findet Sternschnuppen und erf\u00e4hrt, warum die St\u00f6rche im Herbst weg fliegen. Am darauf folgenden 20. September ist Weltkindertag und da dieser in Th\u00fcringen Feiertag ist, bleibt die Bibliothek geschlossen. Aber am letzten Samstag im September, am 27., bietet dann das Buch \u201eR\u00e4uberhauptmann Tjamme \u2014 oder wie man eine Horde wilder R\u00e4uber anf\u00fchrt\u201c von Saskia Hula echten R\u00e4uberspa\u00df mit lustigen Texten und witzigen Illustrationen.<\/p>\n\n\n\n<p>\u201eB\u00fccher bei\u00dfen nicht\u201c richtet sich an Kinder ab vier Jahren, gern mit Eltern, Gro\u00dfeltern oder Geschwistern. Die vorgestellten B\u00fccher sind kurz und oft reich bebildert. Meist handelt es sich um 15-Minuten-Geschichten, bei denen die Kinder mit einbezogen werden, wobei das gemeinsame Betrachtung der Illustrationen einen wichtigen Platz einnimmt. Aus welchem Buch gelesen wird, k\u00f6nnen interessierte Eltern vor Ort und auf der Webseite der Bibliothek erfahren. Es gibt auch eine Monats\u00fcbersicht zum Mitnehmen \u2014 oder aber man l\u00e4sst sich \u00fcberraschen. Denn eines ist gewiss: Vorlesen fasziniert, fesselt, verzaubert und die kleinen Leseratten k\u00f6nnen manches Mal nicht genug bekommen. Zum Gl\u00fcck gibt es in der Kinderbibliothek gen\u00fcgend Lesestoff um den Geschichtenhunger zu stillen. Eine farbige Kennzeichnung weist darauf hin, f\u00fcr welches Alter die B\u00fccher geeignet sind.<\/p>\n\n\n\n<p>Die Vorlesereihe \u201eB\u00fccher bei\u00dfen nicht!\u201c gibt es bereits seit September 2013. Anfangs einmal im Monat, seit Januar 2014 w\u00f6chentlich, lesen derzeit f\u00fcnfzehn ehrenamtliche Vorlesepaten im Wechsel samstags Geschichten f\u00fcr die J\u00fcngsten.<\/p>\n\n\n\n<p>QUELLE: STADTVERWALTUNG<\/p>\n","protected":false},"excerpt":{"rendered":"<div class=\"mh-excerpt\"><p>Am Sonnabend, den 6. September 2025, beginnt um 10.30 Uhr die Vorlesereihe \u201eB\u00fccher bei\u00dfen nicht!\u201c in der Geraer Kinderbibliothek nach der Sommerpause neu. Zum Auftakt wird \u201eDas Traumfresserchen\u201c vorgestellt, eine Bilderbuchklassiker von Michael Ende, der <a class=\"mh-excerpt-more\" href=\"https:\/\/www.studiogera.de\/001\/2025\/09\/02\/vorlesereihe-wird-nach-sommerpause-fortgesetzt\/\" title=\"VORLESEREIHE WIRD NACH SOMMERPAUSE FORTGESETZT\">[&#8230;]<\/a><\/p>\n<\/div>","protected":false},"author":2,"featured_media":38797,"comment_status":"open","ping_status":"open","sticky":false,"template":"","format":"standard","meta":{"footnotes":""},"categories":[8],"tags":[],"class_list":{"0":"post-38796","1":"post","2":"type-post","3":"status-publish","4":"format-standard","5":"has-post-thumbnail","7":"category-kultur"},"_links":{"self":[{"href":"https:\/\/www.studiogera.de\/001\/wp-json\/wp\/v2\/posts\/38796","targetHints":{"allow":["GET"]}}],"collection":[{"href":"https:\/\/www.studiogera.de\/001\/wp-json\/wp\/v2\/posts"}],"about":[{"href":"https:\/\/www.studiogera.de\/001\/wp-json\/wp\/v2\/types\/post"}],"author":[{"embeddable":true,"href":"https:\/\/www.studiogera.de\/001\/wp-json\/wp\/v2\/users\/2"}],"replies":[{"embeddable":true,"href":"https:\/\/www.studiogera.de\/001\/wp-json\/wp\/v2\/comments?post=38796"}],"version-history":[{"count":1,"href":"https:\/\/www.studiogera.de\/001\/wp-json\/wp\/v2\/posts\/38796\/revisions"}],"predecessor-version":[{"id":38798,"href":"https:\/\/www.studiogera.de\/001\/wp-json\/wp\/v2\/posts\/38796\/revisions\/38798"}],"wp:featuredmedia":[{"embeddable":true,"href":"https:\/\/www.studiogera.de\/001\/wp-json\/wp\/v2\/media\/38797"}],"wp:attachment":[{"href":"https:\/\/www.studiogera.de\/001\/wp-json\/wp\/v2\/media?parent=38796"}],"wp:term":[{"taxonomy":"category","embeddable":true,"href":"https:\/\/www.studiogera.de\/001\/wp-json\/wp\/v2\/categories?post=38796"},{"taxonomy":"post_tag","embeddable":true,"href":"https:\/\/www.studiogera.de\/001\/wp-json\/wp\/v2\/tags?post=38796"}],"curies":[{"name":"wp","href":"https:\/\/api.w.org\/{rel}","templated":true}]}}