{"id":38799,"date":"2025-09-02T11:08:28","date_gmt":"2025-09-02T09:08:28","guid":{"rendered":"https:\/\/www.studiogera.de\/001\/?p=38799"},"modified":"2025-09-02T11:08:28","modified_gmt":"2025-09-02T09:08:28","slug":"ein-lichtexperiment-wirft-fragen-auf","status":"publish","type":"post","link":"https:\/\/www.studiogera.de\/001\/2025\/09\/02\/ein-lichtexperiment-wirft-fragen-auf\/","title":{"rendered":"EIN LICHTEXPERIMENT WIRFT FRAGEN AUF"},"content":{"rendered":"\n<p>Die Realit\u00e4t, wie wir sie erleben, muss offenbar in einen v\u00f6llig anderen Kontext gesehen werden \u2014 insbesondere in Bezug auf den zeitlichen Aspekt. Darauf deutet das Experiment \u201eDelayed-Choice Quantum Eraser\u201c hin. Es wirft die fundamentale Frage auf, ob die Natur von Quantenobjekten, das hei\u00dft, ob sie sich als Welle oder als Teilchen manifestieren, erst durch die Messung im Nachhinein festgelegt wird, unabh\u00e4ngig davon, wann die Entscheidung zur Messung getroffen wird.<\/p>\n\n\n\n<p>Durch den Messprozess findet bekannterma\u00dfen eine Interaktion statt. Zu diesem Zeitpunkt entscheidet sich, ob sich das Licht als Welle oder Teilchen zeigt. Bei dem Experiment war die klassische Reihenfolge von Ursache und Wirkung aber nicht mehr feststellbar. Die Photonen zeigen einer Deutung zufolge, dass es keine festgelegte Vergangenheit gibt. \u00dcbertr\u00e4gt man dies spekulativ auf die makroskopische Realit\u00e4t, w\u00e4re die Vergangenheit nicht statisch, sondern entweder variabel oder vielschichtig. Durch eine soeben getroffene Entscheidung w\u00fcrde sich der Ereignisstrang von der Gegenwart zur Vergangenheit \u00e4ndern.<\/p>\n\n\n\n<p>Die Art, wie man etwas beobachtet, legt r\u00fcckwirkend fest, was geschehen ist, meint der Physiker John Archibald Wheeler als Sch\u00f6pfer des Experiments. Es zeige sich, dass die Art der Messung direkt das beobachtbare Verhalten des Quantenobjekts bestimmt, ganz gleich, wann diese Messentscheidung getroffen wird.<\/p>\n\n\n\n<p>Ob die Deutung korrekt ist oder revidiert werden muss, wird sich vermutlich erst nach weiteren Experimenten zeigen. Fest steht, dass das Bild der Realit\u00e4t immer komplexer wird. Der Versuch, eine sich neu ergebende Frage zu beantworten, bringt viele weitere Fragen hervor.<\/p>\n","protected":false},"excerpt":{"rendered":"<div class=\"mh-excerpt\"><p>Die Realit\u00e4t, wie wir sie erleben, muss offenbar in einen v\u00f6llig anderen Kontext gesehen werden \u2014 insbesondere in Bezug auf den zeitlichen Aspekt. Darauf deutet das Experiment \u201eDelayed-Choice Quantum Eraser\u201c hin. Es wirft die fundamentale <a class=\"mh-excerpt-more\" href=\"https:\/\/www.studiogera.de\/001\/2025\/09\/02\/ein-lichtexperiment-wirft-fragen-auf\/\" title=\"EIN LICHTEXPERIMENT WIRFT FRAGEN AUF\">[&#8230;]<\/a><\/p>\n<\/div>","protected":false},"author":2,"featured_media":38801,"comment_status":"open","ping_status":"open","sticky":false,"template":"","format":"standard","meta":{"footnotes":""},"categories":[1],"tags":[],"class_list":{"0":"post-38799","1":"post","2":"type-post","3":"status-publish","4":"format-standard","5":"has-post-thumbnail","7":"category-vermischtes"},"_links":{"self":[{"href":"https:\/\/www.studiogera.de\/001\/wp-json\/wp\/v2\/posts\/38799","targetHints":{"allow":["GET"]}}],"collection":[{"href":"https:\/\/www.studiogera.de\/001\/wp-json\/wp\/v2\/posts"}],"about":[{"href":"https:\/\/www.studiogera.de\/001\/wp-json\/wp\/v2\/types\/post"}],"author":[{"embeddable":true,"href":"https:\/\/www.studiogera.de\/001\/wp-json\/wp\/v2\/users\/2"}],"replies":[{"embeddable":true,"href":"https:\/\/www.studiogera.de\/001\/wp-json\/wp\/v2\/comments?post=38799"}],"version-history":[{"count":2,"href":"https:\/\/www.studiogera.de\/001\/wp-json\/wp\/v2\/posts\/38799\/revisions"}],"predecessor-version":[{"id":38802,"href":"https:\/\/www.studiogera.de\/001\/wp-json\/wp\/v2\/posts\/38799\/revisions\/38802"}],"wp:featuredmedia":[{"embeddable":true,"href":"https:\/\/www.studiogera.de\/001\/wp-json\/wp\/v2\/media\/38801"}],"wp:attachment":[{"href":"https:\/\/www.studiogera.de\/001\/wp-json\/wp\/v2\/media?parent=38799"}],"wp:term":[{"taxonomy":"category","embeddable":true,"href":"https:\/\/www.studiogera.de\/001\/wp-json\/wp\/v2\/categories?post=38799"},{"taxonomy":"post_tag","embeddable":true,"href":"https:\/\/www.studiogera.de\/001\/wp-json\/wp\/v2\/tags?post=38799"}],"curies":[{"name":"wp","href":"https:\/\/api.w.org\/{rel}","templated":true}]}}