{"id":38803,"date":"2025-09-02T11:27:33","date_gmt":"2025-09-02T09:27:33","guid":{"rendered":"https:\/\/www.studiogera.de\/001\/?p=38803"},"modified":"2025-09-02T11:27:34","modified_gmt":"2025-09-02T09:27:34","slug":"gvb-setzt-fahrzeuge-aus-darmstadt-ein","status":"publish","type":"post","link":"https:\/\/www.studiogera.de\/001\/2025\/09\/02\/gvb-setzt-fahrzeuge-aus-darmstadt-ein\/","title":{"rendered":"GVB SETZT FAHRZEUGE AUS DARMSTADT EIN"},"content":{"rendered":"\n<p>Dem Geraer Verkehrsbetrieb stehen ein Stra\u00dfenbahntriebwagen und sechs Beiwagen zur Verf\u00fcgung, die zuvor bei der HEAG Mobilo GmbH in Darmstadt im Einsatz waren. Die Fahrzeuge werden nacheinander ert\u00fcchtigt und anschlie\u00dfend in Gera unterwegs sein. Der Triebwagen 0775 stand schon l\u00e4ngere Zeit hinter der GVB-Werkstatt. Im Oktober soll die erste Einheit unterwegs sein. Mit dem geliehenen Triebwagen und den gekauften Beiwagen will der GVB nicht mehr reparable Unfallwagen ersetzen und zugleich dem erh\u00f6hten Fahrgastaufkommen gerecht werden.<\/p>\n\n\n\n<p>Ein 42 Meter langer Stra\u00dfenbahnzug des Darmst\u00e4dter Unternehmens HEAG Mobilo GmbH verkehrte bereits vom 14. bis 21 Oktober 2009 probeweise in Gera. Der GVB wollte auf der topografisch anspruchsvollen Linie 3 die Fahreigenschaften eines NGT8 mit Beiwagen ermitteln. Da die eigenen NGT8-Fahrzeuge keine geeignete Kupplung besa\u00dfen, wurde aus Darmstadt der Beiwagen Nr. 9431 zusammen mit dem Triebwagen Nr. 0783 nach Gera gebracht. Der Beiwagen vom Typ SB09 hatte 48 Sitz- und 42 Stehpl\u00e4tze. Der Zug verkehrte damals vorwiegend auf der Linie 3, jedoch nicht nach Fahrplan.<\/p>\n","protected":false},"excerpt":{"rendered":"<div class=\"mh-excerpt\"><p>Dem Geraer Verkehrsbetrieb stehen ein Stra\u00dfenbahntriebwagen und sechs Beiwagen zur Verf\u00fcgung, die zuvor bei der HEAG Mobilo GmbH in Darmstadt im Einsatz waren. Die Fahrzeuge werden nacheinander ert\u00fcchtigt und anschlie\u00dfend in Gera unterwegs sein. Der <a class=\"mh-excerpt-more\" href=\"https:\/\/www.studiogera.de\/001\/2025\/09\/02\/gvb-setzt-fahrzeuge-aus-darmstadt-ein\/\" title=\"GVB SETZT FAHRZEUGE AUS DARMSTADT EIN\">[&#8230;]<\/a><\/p>\n<\/div>","protected":false},"author":2,"featured_media":38805,"comment_status":"open","ping_status":"open","sticky":false,"template":"","format":"standard","meta":{"footnotes":""},"categories":[3],"tags":[],"class_list":{"0":"post-38803","1":"post","2":"type-post","3":"status-publish","4":"format-standard","5":"has-post-thumbnail","7":"category-lokal"},"_links":{"self":[{"href":"https:\/\/www.studiogera.de\/001\/wp-json\/wp\/v2\/posts\/38803","targetHints":{"allow":["GET"]}}],"collection":[{"href":"https:\/\/www.studiogera.de\/001\/wp-json\/wp\/v2\/posts"}],"about":[{"href":"https:\/\/www.studiogera.de\/001\/wp-json\/wp\/v2\/types\/post"}],"author":[{"embeddable":true,"href":"https:\/\/www.studiogera.de\/001\/wp-json\/wp\/v2\/users\/2"}],"replies":[{"embeddable":true,"href":"https:\/\/www.studiogera.de\/001\/wp-json\/wp\/v2\/comments?post=38803"}],"version-history":[{"count":2,"href":"https:\/\/www.studiogera.de\/001\/wp-json\/wp\/v2\/posts\/38803\/revisions"}],"predecessor-version":[{"id":38806,"href":"https:\/\/www.studiogera.de\/001\/wp-json\/wp\/v2\/posts\/38803\/revisions\/38806"}],"wp:featuredmedia":[{"embeddable":true,"href":"https:\/\/www.studiogera.de\/001\/wp-json\/wp\/v2\/media\/38805"}],"wp:attachment":[{"href":"https:\/\/www.studiogera.de\/001\/wp-json\/wp\/v2\/media?parent=38803"}],"wp:term":[{"taxonomy":"category","embeddable":true,"href":"https:\/\/www.studiogera.de\/001\/wp-json\/wp\/v2\/categories?post=38803"},{"taxonomy":"post_tag","embeddable":true,"href":"https:\/\/www.studiogera.de\/001\/wp-json\/wp\/v2\/tags?post=38803"}],"curies":[{"name":"wp","href":"https:\/\/api.w.org\/{rel}","templated":true}]}}