{"id":38807,"date":"2025-09-02T12:32:19","date_gmt":"2025-09-02T10:32:19","guid":{"rendered":"https:\/\/www.studiogera.de\/001\/?p=38807"},"modified":"2025-09-02T12:38:12","modified_gmt":"2025-09-02T10:38:12","slug":"stadt-gera-ermoeglicht-bildung-weiterer-ortsteile","status":"publish","type":"post","link":"https:\/\/www.studiogera.de\/001\/2025\/09\/02\/stadt-gera-ermoeglicht-bildung-weiterer-ortsteile\/","title":{"rendered":"STADT GERA ERM\u00d6GLICHT BILDUNG WEITERER ORTSTEILE"},"content":{"rendered":"\n<p>Soll die Stadt Gera weitere Ortsteile mit Ortsteilverfassung bekommen? Mit dieser Frage besch\u00e4ftigen sich derzeit die Stadtverwaltung und der Stadtrat. Ortsteile mit Ortsteilverfassung zeichnen sich dadurch aus, dass sie jeweils einen Ortsteilb\u00fcrgermeister oder eine Ortsteilb\u00fcrgermeisterin und einen Ortsteilrat haben, die von den B\u00fcrgern des jeweiligen Ortsteils direkt gew\u00e4hlt werden. Diese politischen Vertreter haben ein Mitspracherecht bei politischen und gesellschaftlichen Entscheidungen im Stadtrat und seinen Aussch\u00fcssen. Au\u00dferdem setzen sie sich aktiv f\u00fcr die Belange ihrer Anwohner gegen\u00fcber der Stadtverwaltung ein.<\/p>\n\n\n\n<p>Im IV. Quartal 2025 will der Stadtrat entscheiden, ob bzw. welche weiteren Ortsteile mit Ortsteilverfassung gebildet werden. Derzeit gibt es \u00dcberlegungen, folgende Ortsteile zu gr\u00fcnden \u2013 wobei alternativ zu den nachfolgenden ersten beiden Ortsteilen Zentrum Nord und Zentrum S\u00fcd diese auch zu einem neuen Ortsteil Innenstadt zusammengef\u00fchrt werden k\u00f6nnten, sodass beide Bereiche von einem Ortsteilrat vertreten werden.<\/p>\n\n\n\n<p><strong>Ortsteil Zentrum Nord<\/strong><br>Dieser k\u00f6nnte aus den Gemeindeteilen Stadtmitte Nord, Zetkin-\/Engelsstra\u00dfe und Hauptmann-\/Dehmelstra\u00dfe bestehen.<\/p>\n\n\n\n<p><strong>Ortsteil Zentrum S\u00fcd<\/strong><br>Dieser k\u00f6nnte aus den Gemeindeteilen Altstadt, Stadtmitte West und S\u00fcdbahnhof\/Reichsstra\u00dfe bestehen.<\/p>\n\n\n\n<p><strong>Ortsteil Bieblach-Tinz<\/strong><br>Dieser k\u00f6nnte die Gemeindeteile Bieblach 1 bis 4, Rosch\u00fctz und Tinz umfassen.<\/p>\n\n\n\n<p><strong>Ortsteil R\u00f6ppisch<\/strong><br>Dieser w\u00fcrde aus den Ortslagen Oberr\u00f6ppisch und Unterr\u00f6ppisch bestehen.<\/p>\n\n\n\n<p><strong>Ortsteil Taubenpreskeln\/Kaimberg<\/strong><br>Dieser k\u00f6nnte die Gemeindeteile Taubenpreskeln (mit der Ortslage Lietzsch) und Kaimberg (mit der Ortslage Poris-Lengefeld) umfassen.<\/p>\n\n\n\n<div data-wp-interactive=\"core\/file\" class=\"wp-block-file\"><object data-wp-bind--hidden=\"!state.hasPdfPreview\" hidden class=\"wp-block-file__embed\" data=\"https:\/\/www.studiogera.de\/001\/wp-content\/uploads\/2025\/09\/DATEI_011.pdf\" type=\"application\/pdf\" style=\"width:100%;height:600px\" aria-label=\"Einbettung von DATEI_011.\"><\/object><a id=\"wp-block-file--media-41542a8b-187f-4a99-a1a7-65c3ecfcac75\" href=\"https:\/\/www.studiogera.de\/001\/wp-content\/uploads\/2025\/09\/DATEI_011.pdf\">DATEI_011<\/a><a href=\"https:\/\/www.studiogera.de\/001\/wp-content\/uploads\/2025\/09\/DATEI_011.pdf\" class=\"wp-block-file__button wp-element-button\" download aria-describedby=\"wp-block-file--media-41542a8b-187f-4a99-a1a7-65c3ecfcac75\">Herunterladen<\/a><\/div>\n\n\n\n<p>Die B\u00fcrger der betroffenen Ortsteile sind eingeladen, ihre pers\u00f6nliche Meinung zu den derzeitigen \u00dcberlegungen bis Sonntag, den 22. September 2025, zu \u00e4u\u00dfern, damit diese in den Entscheidungsprozess mit einflie\u00dfen k\u00f6nnen.<\/p>\n\n\n\n<p>Die Stadtverwaltung bittet interessierte B\u00fcrger, mitzuteilen, ob die Einrichtung des Ortsteils mit Ortsteilverfassung f\u00fcr Sie sinnvoll erscheint, ob sie selbst Interesse h\u00e4tten, als Ortsteilb\u00fcrgermeister oder Ortsteilb\u00fcrgermeisterin oder Ortsteilratsmitglied aktiv mitzuwirken, ob sie eine andere Bezeichnung f\u00fcr ihren Ortsteil vorschlagen und ob sie den vorgeschlagenen Zuschnitt ver\u00e4ndern w\u00fcrden.<\/p>\n\n\n\n<p>R\u00fcckmeldungen k\u00f6nnen unter \u201estadtrat@gera.de\u201c oder in Papierform an das Rathaus, Referat Stadtrat und Ortsteilr\u00e4te, Kornmarkt 12, 07545 Gera, eingereicht sowie direkt im Rathaus abgegeben werden.<\/p>\n\n\n\n<p><strong>Ein Blick in die Hauptsatzung<\/strong><br>In \u00a7 14 der Hauptsatzung der Stadt Gera sind die bestehenden Ortsteile aufgelistet, w\u00e4hrend \u00a7 14a die Ortsteile mit Ortsteilverfassung nennt. Nur die Ortsteile, die in \u00a7 14a aufgef\u00fchrt sind, haben einen Ortsteilb\u00fcrgermeister oder eine Ortsteilb\u00fcrgermeisterin und einen Ortsteilrat, die von den B\u00fcrgerinnen und B\u00fcrgern des jeweiligen Ortsteils gew\u00e4hlt wurden. Im Rahmen der geplanten \u00c4nderung der Hauptsatzung im IV. Quartal 2025 wird der Stadtrat entscheiden, ob und welche der in \u00a7 14 genannten Ortsteile in \u00a7 14a aufgenommen werden sollen. Das h\u00e4tte zur Folge, dass auch f\u00fcr diese Ortsteile ein Ortsteilb\u00fcrgermeister und ein Ortsteilrat gew\u00e4hlt w\u00fcrden. Die Wahlen daf\u00fcr sind im zweiten Halbjahr 2026 geplant.<\/p>\n\n\n\n<p>QUELLE: STADTVERWALTUNG<\/p>\n","protected":false},"excerpt":{"rendered":"<div class=\"mh-excerpt\"><p>Soll die Stadt Gera weitere Ortsteile mit Ortsteilverfassung bekommen? Mit dieser Frage besch\u00e4ftigen sich derzeit die Stadtverwaltung und der Stadtrat. Ortsteile mit Ortsteilverfassung zeichnen sich dadurch aus, dass sie jeweils einen Ortsteilb\u00fcrgermeister oder eine Ortsteilb\u00fcrgermeisterin <a class=\"mh-excerpt-more\" href=\"https:\/\/www.studiogera.de\/001\/2025\/09\/02\/stadt-gera-ermoeglicht-bildung-weiterer-ortsteile\/\" title=\"STADT GERA ERM\u00d6GLICHT BILDUNG WEITERER ORTSTEILE\">[&#8230;]<\/a><\/p>\n<\/div>","protected":false},"author":2,"featured_media":13046,"comment_status":"open","ping_status":"open","sticky":false,"template":"","format":"standard","meta":{"footnotes":""},"categories":[3],"tags":[],"class_list":{"0":"post-38807","1":"post","2":"type-post","3":"status-publish","4":"format-standard","5":"has-post-thumbnail","7":"category-lokal"},"_links":{"self":[{"href":"https:\/\/www.studiogera.de\/001\/wp-json\/wp\/v2\/posts\/38807","targetHints":{"allow":["GET"]}}],"collection":[{"href":"https:\/\/www.studiogera.de\/001\/wp-json\/wp\/v2\/posts"}],"about":[{"href":"https:\/\/www.studiogera.de\/001\/wp-json\/wp\/v2\/types\/post"}],"author":[{"embeddable":true,"href":"https:\/\/www.studiogera.de\/001\/wp-json\/wp\/v2\/users\/2"}],"replies":[{"embeddable":true,"href":"https:\/\/www.studiogera.de\/001\/wp-json\/wp\/v2\/comments?post=38807"}],"version-history":[{"count":2,"href":"https:\/\/www.studiogera.de\/001\/wp-json\/wp\/v2\/posts\/38807\/revisions"}],"predecessor-version":[{"id":38811,"href":"https:\/\/www.studiogera.de\/001\/wp-json\/wp\/v2\/posts\/38807\/revisions\/38811"}],"wp:featuredmedia":[{"embeddable":true,"href":"https:\/\/www.studiogera.de\/001\/wp-json\/wp\/v2\/media\/13046"}],"wp:attachment":[{"href":"https:\/\/www.studiogera.de\/001\/wp-json\/wp\/v2\/media?parent=38807"}],"wp:term":[{"taxonomy":"category","embeddable":true,"href":"https:\/\/www.studiogera.de\/001\/wp-json\/wp\/v2\/categories?post=38807"},{"taxonomy":"post_tag","embeddable":true,"href":"https:\/\/www.studiogera.de\/001\/wp-json\/wp\/v2\/tags?post=38807"}],"curies":[{"name":"wp","href":"https:\/\/api.w.org\/{rel}","templated":true}]}}