{"id":38814,"date":"2025-09-03T11:56:12","date_gmt":"2025-09-03T09:56:12","guid":{"rendered":"https:\/\/www.studiogera.de\/001\/?p=38814"},"modified":"2025-09-03T11:56:14","modified_gmt":"2025-09-03T09:56:14","slug":"wie-insekten-auf-die-teller-gebracht-werden-sollen","status":"publish","type":"post","link":"https:\/\/www.studiogera.de\/001\/2025\/09\/03\/wie-insekten-auf-die-teller-gebracht-werden-sollen\/","title":{"rendered":"WIE INSEKTEN AUF DIE TELLER GEBRACHT WERDEN SOLLEN"},"content":{"rendered":"\n<p><em>Verhaltensforscher denken \u00fcber eine neue Herangehensweise nach und schlagen Versuche mit Kindern vor.<\/em><\/p>\n\n\n\n<p>Mit dem Verzehr von Insekten anstatt Fleisch k\u00f6nnten die Konsumenten einen wirksamen Beitrag zur Reduzierung der Methan- und CO\u2082-Emissionen leisten, sind Klimaforscher \u00fcberzeugt. Fr\u00fcher sei es in Europa schlie\u00dflich auch ganz normal gewesen, Insekten zu essen. Doch heute empf\u00e4nden die meisten Menschen Ekel beim Anblick der kleinen Tierchen, \u00e4u\u00dfern die Wissenschaftler besorgt. Das erschwere die n\u00f6tige Umgew\u00f6hnung. Weil der Ekel aber keine nat\u00fcrliche Eigenschaft sei und anerzogen werde, will man auf die j\u00fcngeren Generationen zugehen, und zwar in den Schulen. Dort k\u00f6nnte der kulturell einge\u00fcbte Habitus \u00fcberwunden werden. Jedesmal, wenn ein Kind auf die Welt komme, sei daf\u00fcr ein Fenster offen, erkl\u00e4rte Fritz Reusswig im Deutschlandfunk, der das Ansinnen mit seinen Beitr\u00e4gen zu unterst\u00fctzen scheint.<\/p>\n\n\n\n<p><a href=\"https:\/\/www.deutschlandfunk.de\/insekten-nahrungsmittel-futter-protein-100.html\">https:\/\/www.deutschlandfunk.de\/insekten-nahrungsmittel-futter-protein-100.html<\/a><\/p>\n\n\n\n<p>Der Soziologe vom Potsdam-Instituts f\u00fcr Klimafolgenforschung schl\u00e4gt das Ausprobieren in Schulen auf freiwilliger Basis vor, um zu sehen, ob die Ekelschwelle bestehen bleibt, wenn dort Insekten einmal probiert wurden. Der Forscher besch\u00e4ftigt sich mit Verhaltens\u00e4nderungen in der Klimakrise und vergleicht es mit dem Verzehr von Algen, die fr\u00fcher ebenfalls nicht als Nahrungsmittel angesehen wurden.<\/p>\n","protected":false},"excerpt":{"rendered":"<div class=\"mh-excerpt\"><p>Verhaltensforscher denken \u00fcber eine neue Herangehensweise nach und schlagen Versuche mit Kindern vor. Mit dem Verzehr von Insekten anstatt Fleisch k\u00f6nnten die Konsumenten einen wirksamen Beitrag zur Reduzierung der Methan- und CO\u2082-Emissionen leisten, sind Klimaforscher <a class=\"mh-excerpt-more\" href=\"https:\/\/www.studiogera.de\/001\/2025\/09\/03\/wie-insekten-auf-die-teller-gebracht-werden-sollen\/\" title=\"WIE INSEKTEN AUF DIE TELLER GEBRACHT WERDEN SOLLEN\">[&#8230;]<\/a><\/p>\n<\/div>","protected":false},"author":2,"featured_media":38816,"comment_status":"open","ping_status":"open","sticky":false,"template":"","format":"standard","meta":{"footnotes":""},"categories":[6],"tags":[],"class_list":{"0":"post-38814","1":"post","2":"type-post","3":"status-publish","4":"format-standard","5":"has-post-thumbnail","7":"category-gesellschaft"},"_links":{"self":[{"href":"https:\/\/www.studiogera.de\/001\/wp-json\/wp\/v2\/posts\/38814","targetHints":{"allow":["GET"]}}],"collection":[{"href":"https:\/\/www.studiogera.de\/001\/wp-json\/wp\/v2\/posts"}],"about":[{"href":"https:\/\/www.studiogera.de\/001\/wp-json\/wp\/v2\/types\/post"}],"author":[{"embeddable":true,"href":"https:\/\/www.studiogera.de\/001\/wp-json\/wp\/v2\/users\/2"}],"replies":[{"embeddable":true,"href":"https:\/\/www.studiogera.de\/001\/wp-json\/wp\/v2\/comments?post=38814"}],"version-history":[{"count":2,"href":"https:\/\/www.studiogera.de\/001\/wp-json\/wp\/v2\/posts\/38814\/revisions"}],"predecessor-version":[{"id":38817,"href":"https:\/\/www.studiogera.de\/001\/wp-json\/wp\/v2\/posts\/38814\/revisions\/38817"}],"wp:featuredmedia":[{"embeddable":true,"href":"https:\/\/www.studiogera.de\/001\/wp-json\/wp\/v2\/media\/38816"}],"wp:attachment":[{"href":"https:\/\/www.studiogera.de\/001\/wp-json\/wp\/v2\/media?parent=38814"}],"wp:term":[{"taxonomy":"category","embeddable":true,"href":"https:\/\/www.studiogera.de\/001\/wp-json\/wp\/v2\/categories?post=38814"},{"taxonomy":"post_tag","embeddable":true,"href":"https:\/\/www.studiogera.de\/001\/wp-json\/wp\/v2\/tags?post=38814"}],"curies":[{"name":"wp","href":"https:\/\/api.w.org\/{rel}","templated":true}]}}