{"id":38818,"date":"2025-09-03T12:03:18","date_gmt":"2025-09-03T10:03:18","guid":{"rendered":"https:\/\/www.studiogera.de\/001\/?p=38818"},"modified":"2025-09-03T12:03:20","modified_gmt":"2025-09-03T10:03:20","slug":"ausbildungsboerse-am-6-september-2025-im-kuk","status":"publish","type":"post","link":"https:\/\/www.studiogera.de\/001\/2025\/09\/03\/ausbildungsboerse-am-6-september-2025-im-kuk\/","title":{"rendered":"AUSBILDUNGSB\u00d6RSE AM 6. SEPTEMBER 2025 IM KUK"},"content":{"rendered":"\n<p>Am Samstag, den 6. September 2025, verwandelt sich das Kultur- und Kongresszentrum erneut in eine zentrale Anlaufstelle f\u00fcr junge Menschen, die ihre berufliche Zukunft aktiv gestalten m\u00f6chten. \u00dcber 120 Unternehmen aus der Region stellen an diesem Tag ihre Ausbildungs- und Karrierem\u00f6glichkeiten vor \u2013 von A wie Automobilkaufmann bis Z wie Zerspanungsmechaniker.<\/p>\n\n\n\n<p>Zahlreiche kompetente Ansprechpartner stehen bereit, um Fragen zu beantworten, Einblicke in verschiedene Berufsbilder zu geben und direkte Kontakte zu vermitteln. Die Ausbildungsb\u00f6rse richtet sich sowohl an Jugendliche mit einem klaren Berufswunsch als auch an Sch\u00fcler, die sich noch in der Orientierungsphase befinden. Wer bereits wei\u00df, welchen Weg er oder sie einschlagen m\u00f6chte, hat die M\u00f6glichkeit, an diesem Tag direkt Bewerbungen bei den Unternehmen einzureichen. Wer noch unschl\u00fcssig ist oder erst in zwei bis drei Jahren die Schule verl\u00e4sst, kann sich \u00fcber Praktikumsangebote informieren \u2013 ein idealer erster Schritt zur beruflichen Orientierung.<\/p>\n\n\n\n<p>Ein besonderer H\u00f6hepunkt ist auch in diesem Jahr wieder die Handwerkermeile, auf der verschiedene Gewerke zum Mitmachen einladen. Hier kann das Handwerk hautnah erlebt werden \u2013 ein praxisnaher Einblick f\u00fcr alle Sinne. Dar\u00fcber hinaus stehen auch Experten der Industrie- und Handelskammer Ostth\u00fcringen, der Handwerkskammer f\u00fcr Ostth\u00fcringen sowie der Agentur f\u00fcr Arbeit f\u00fcr Fragen rund um Ausbildungswege, rechtliche Rahmenbedingungen und F\u00f6rderm\u00f6glichkeiten zur Verf\u00fcgung. Am Nachmittag erwartet die Besucher ein abwechslungsreiches Programm mit spannenden Aktionen \u2013 darunter eine Verlosung f\u00fcr das Elektro-Freiluftfestival &#8222;Geht raus&#8220;, das am selben Tag auf der Sparkassenb\u00fchne im Hofwiesenpark stattfindet.<\/p>\n\n\n\n<p>QUELLE: STADTVERWALTUNG<\/p>\n","protected":false},"excerpt":{"rendered":"<div class=\"mh-excerpt\"><p>Am Samstag, den 6. September 2025, verwandelt sich das Kultur- und Kongresszentrum erneut in eine zentrale Anlaufstelle f\u00fcr junge Menschen, die ihre berufliche Zukunft aktiv gestalten m\u00f6chten. \u00dcber 120 Unternehmen aus der Region stellen an <a class=\"mh-excerpt-more\" href=\"https:\/\/www.studiogera.de\/001\/2025\/09\/03\/ausbildungsboerse-am-6-september-2025-im-kuk\/\" title=\"AUSBILDUNGSB\u00d6RSE AM 6. SEPTEMBER 2025 IM KUK\">[&#8230;]<\/a><\/p>\n<\/div>","protected":false},"author":2,"featured_media":38819,"comment_status":"open","ping_status":"open","sticky":false,"template":"","format":"standard","meta":{"footnotes":""},"categories":[3],"tags":[],"class_list":{"0":"post-38818","1":"post","2":"type-post","3":"status-publish","4":"format-standard","5":"has-post-thumbnail","7":"category-lokal"},"_links":{"self":[{"href":"https:\/\/www.studiogera.de\/001\/wp-json\/wp\/v2\/posts\/38818","targetHints":{"allow":["GET"]}}],"collection":[{"href":"https:\/\/www.studiogera.de\/001\/wp-json\/wp\/v2\/posts"}],"about":[{"href":"https:\/\/www.studiogera.de\/001\/wp-json\/wp\/v2\/types\/post"}],"author":[{"embeddable":true,"href":"https:\/\/www.studiogera.de\/001\/wp-json\/wp\/v2\/users\/2"}],"replies":[{"embeddable":true,"href":"https:\/\/www.studiogera.de\/001\/wp-json\/wp\/v2\/comments?post=38818"}],"version-history":[{"count":1,"href":"https:\/\/www.studiogera.de\/001\/wp-json\/wp\/v2\/posts\/38818\/revisions"}],"predecessor-version":[{"id":38820,"href":"https:\/\/www.studiogera.de\/001\/wp-json\/wp\/v2\/posts\/38818\/revisions\/38820"}],"wp:featuredmedia":[{"embeddable":true,"href":"https:\/\/www.studiogera.de\/001\/wp-json\/wp\/v2\/media\/38819"}],"wp:attachment":[{"href":"https:\/\/www.studiogera.de\/001\/wp-json\/wp\/v2\/media?parent=38818"}],"wp:term":[{"taxonomy":"category","embeddable":true,"href":"https:\/\/www.studiogera.de\/001\/wp-json\/wp\/v2\/categories?post=38818"},{"taxonomy":"post_tag","embeddable":true,"href":"https:\/\/www.studiogera.de\/001\/wp-json\/wp\/v2\/tags?post=38818"}],"curies":[{"name":"wp","href":"https:\/\/api.w.org\/{rel}","templated":true}]}}