{"id":38821,"date":"2025-09-03T12:13:03","date_gmt":"2025-09-03T10:13:03","guid":{"rendered":"https:\/\/www.studiogera.de\/001\/?p=38821"},"modified":"2025-09-03T12:13:03","modified_gmt":"2025-09-03T10:13:03","slug":"polizei-laedt-buerger-zum-gespraech-ein","status":"publish","type":"post","link":"https:\/\/www.studiogera.de\/001\/2025\/09\/03\/polizei-laedt-buerger-zum-gespraech-ein\/","title":{"rendered":"POLIZEI L\u00c4DT B\u00dcRGER ZUM GESPR\u00c4CH EIN"},"content":{"rendered":"\n<p>Die Landespolizeiinspektion Gera l\u00e4dt alle B\u00fcrger zur Veranstaltung &#8222;Coffee with a Cop&#8220; am 4. September 2025 von 13 Uhr bis 17 Uhr ein. In entspannter Atmosph\u00e4re besteht am Standort Schlo\u00dfstra\u00dfe\/Ecke Bachgasse die M\u00f6glichkeit, bei einer Tasse Kaffee, Latte Macchiato oder einem anderen Hei\u00dfgetr\u00e4nk mit Geraer Polizisten ins Gespr\u00e4ch zu kommen. Ziel der Veranstaltung ist es, den offenen Dialog zwischen Polizei und Bev\u00f6lkerung zu f\u00f6rdern, Fragen zu beantworten und Vertrauen zu st\u00e4rken. Die Schutzpolizei, Kriminalpolizei, Einsatzunterst\u00fctzung und die Bediensteten der Pr\u00e4ventionsstellen stehen den B\u00fcrgern an diesem Tag Rede und Antwort.<\/p>\n","protected":false},"excerpt":{"rendered":"<div class=\"mh-excerpt\"><p>Die Landespolizeiinspektion Gera l\u00e4dt alle B\u00fcrger zur Veranstaltung &#8222;Coffee with a Cop&#8220; am 4. September 2025 von 13 Uhr bis 17 Uhr ein. In entspannter Atmosph\u00e4re besteht am Standort Schlo\u00dfstra\u00dfe\/Ecke Bachgasse die M\u00f6glichkeit, bei einer <a class=\"mh-excerpt-more\" href=\"https:\/\/www.studiogera.de\/001\/2025\/09\/03\/polizei-laedt-buerger-zum-gespraech-ein\/\" title=\"POLIZEI L\u00c4DT B\u00dcRGER ZUM GESPR\u00c4CH EIN\">[&#8230;]<\/a><\/p>\n<\/div>","protected":false},"author":2,"featured_media":22202,"comment_status":"open","ping_status":"open","sticky":false,"template":"","format":"standard","meta":{"footnotes":""},"categories":[13],"tags":[],"class_list":{"0":"post-38821","1":"post","2":"type-post","3":"status-publish","4":"format-standard","5":"has-post-thumbnail","7":"category-polizeiberichte"},"_links":{"self":[{"href":"https:\/\/www.studiogera.de\/001\/wp-json\/wp\/v2\/posts\/38821","targetHints":{"allow":["GET"]}}],"collection":[{"href":"https:\/\/www.studiogera.de\/001\/wp-json\/wp\/v2\/posts"}],"about":[{"href":"https:\/\/www.studiogera.de\/001\/wp-json\/wp\/v2\/types\/post"}],"author":[{"embeddable":true,"href":"https:\/\/www.studiogera.de\/001\/wp-json\/wp\/v2\/users\/2"}],"replies":[{"embeddable":true,"href":"https:\/\/www.studiogera.de\/001\/wp-json\/wp\/v2\/comments?post=38821"}],"version-history":[{"count":1,"href":"https:\/\/www.studiogera.de\/001\/wp-json\/wp\/v2\/posts\/38821\/revisions"}],"predecessor-version":[{"id":38822,"href":"https:\/\/www.studiogera.de\/001\/wp-json\/wp\/v2\/posts\/38821\/revisions\/38822"}],"wp:featuredmedia":[{"embeddable":true,"href":"https:\/\/www.studiogera.de\/001\/wp-json\/wp\/v2\/media\/22202"}],"wp:attachment":[{"href":"https:\/\/www.studiogera.de\/001\/wp-json\/wp\/v2\/media?parent=38821"}],"wp:term":[{"taxonomy":"category","embeddable":true,"href":"https:\/\/www.studiogera.de\/001\/wp-json\/wp\/v2\/categories?post=38821"},{"taxonomy":"post_tag","embeddable":true,"href":"https:\/\/www.studiogera.de\/001\/wp-json\/wp\/v2\/tags?post=38821"}],"curies":[{"name":"wp","href":"https:\/\/api.w.org\/{rel}","templated":true}]}}