{"id":38823,"date":"2025-09-03T12:14:50","date_gmt":"2025-09-03T10:14:50","guid":{"rendered":"https:\/\/www.studiogera.de\/001\/?p=38823"},"modified":"2025-09-03T12:14:52","modified_gmt":"2025-09-03T10:14:52","slug":"polizei-beendet-vermisstensuche-2","status":"publish","type":"post","link":"https:\/\/www.studiogera.de\/001\/2025\/09\/03\/polizei-beendet-vermisstensuche-2\/","title":{"rendered":"POLIZEI BEENDET VERMISSTENSUCHE"},"content":{"rendered":"\n<p>Die LPI Gera hat die Suche nach einer vermissten Seniorin eingestellt. Der Aufenthalt der 86-J\u00e4hrigen ist nunmehr bekannt. Auch die Suche nach dem vermissten 70-J\u00e4hrigen aus Gro\u00dfenstein beendet. Der Aufenthalt des Herrn ist mittlerweile ebenfalls bekannt.\u00a0<\/p>\n","protected":false},"excerpt":{"rendered":"<div class=\"mh-excerpt\"><p>Die LPI Gera hat die Suche nach einer vermissten Seniorin eingestellt. Der Aufenthalt der 86-J\u00e4hrigen ist nunmehr bekannt. Auch die Suche nach dem vermissten 70-J\u00e4hrigen aus Gro\u00dfenstein beendet. Der Aufenthalt des Herrn ist mittlerweile ebenfalls <a class=\"mh-excerpt-more\" href=\"https:\/\/www.studiogera.de\/001\/2025\/09\/03\/polizei-beendet-vermisstensuche-2\/\" title=\"POLIZEI BEENDET VERMISSTENSUCHE\">[&#8230;]<\/a><\/p>\n<\/div>","protected":false},"author":2,"featured_media":9350,"comment_status":"open","ping_status":"open","sticky":false,"template":"","format":"standard","meta":{"footnotes":""},"categories":[13],"tags":[],"class_list":{"0":"post-38823","1":"post","2":"type-post","3":"status-publish","4":"format-standard","5":"has-post-thumbnail","7":"category-polizeiberichte"},"_links":{"self":[{"href":"https:\/\/www.studiogera.de\/001\/wp-json\/wp\/v2\/posts\/38823","targetHints":{"allow":["GET"]}}],"collection":[{"href":"https:\/\/www.studiogera.de\/001\/wp-json\/wp\/v2\/posts"}],"about":[{"href":"https:\/\/www.studiogera.de\/001\/wp-json\/wp\/v2\/types\/post"}],"author":[{"embeddable":true,"href":"https:\/\/www.studiogera.de\/001\/wp-json\/wp\/v2\/users\/2"}],"replies":[{"embeddable":true,"href":"https:\/\/www.studiogera.de\/001\/wp-json\/wp\/v2\/comments?post=38823"}],"version-history":[{"count":1,"href":"https:\/\/www.studiogera.de\/001\/wp-json\/wp\/v2\/posts\/38823\/revisions"}],"predecessor-version":[{"id":38824,"href":"https:\/\/www.studiogera.de\/001\/wp-json\/wp\/v2\/posts\/38823\/revisions\/38824"}],"wp:featuredmedia":[{"embeddable":true,"href":"https:\/\/www.studiogera.de\/001\/wp-json\/wp\/v2\/media\/9350"}],"wp:attachment":[{"href":"https:\/\/www.studiogera.de\/001\/wp-json\/wp\/v2\/media?parent=38823"}],"wp:term":[{"taxonomy":"category","embeddable":true,"href":"https:\/\/www.studiogera.de\/001\/wp-json\/wp\/v2\/categories?post=38823"},{"taxonomy":"post_tag","embeddable":true,"href":"https:\/\/www.studiogera.de\/001\/wp-json\/wp\/v2\/tags?post=38823"}],"curies":[{"name":"wp","href":"https:\/\/api.w.org\/{rel}","templated":true}]}}