{"id":38825,"date":"2025-09-03T12:29:43","date_gmt":"2025-09-03T10:29:43","guid":{"rendered":"https:\/\/www.studiogera.de\/001\/?p=38825"},"modified":"2025-09-03T12:29:43","modified_gmt":"2025-09-03T10:29:43","slug":"einblicke-in-das-schauspiel-die-glasmenagerie","status":"publish","type":"post","link":"https:\/\/www.studiogera.de\/001\/2025\/09\/03\/einblicke-in-das-schauspiel-die-glasmenagerie\/","title":{"rendered":"EINBLICKE IN DAS SCHAUSPIEL \u201eDIE GLASMENAGERIE\u201c"},"content":{"rendered":"\n<p>Mit Tennessee Williams \u201eDie Glasmenagerie\u201c bringt Schauspieldirektor Manuel Kressin ab dem 26. September 2025 ein packendes Familiendrama \u00fcber Illusion und Wirklichkeit auf die B\u00fchne des gro\u00dfen Hauses Gera. Bereits eine Woche zuvor laden Manuel Kressin sowie das Produktionsteam zu einer Matinee am Sonntag, den 21. September, um 11 Uhr in dieselbe Spielst\u00e4tte ein und geben Einblicke in ihre Konzeption, sprechen \u00fcber aktuelle Bez\u00fcge und den Entstehungsprozess dieser Inszenierung. Auch beteiligte Schauspieler werden mit szenischen Ausschnitten einen Vorgeschmack auf die Premiere geben. Moderiert wird die Matinee von Schauspieldramaturg Felix J. Mohr, der sich dort zum ersten Mal dem Publikum vorstellt. Der Eintritt ist frei. Interessierte sind herzlich eingeladen.<\/p>\n\n\n\n<p>Eintrittskarten sind an den Theaterkassen sowie \u00fcber die Webseite des Theaters erh\u00e4ltlich. Diese sind unter der Rufnummer 0365 8279105 bzw. 03447 585160 sowie \u00fcber \u201ehttps:\/\/theater-altenburg-gera.de\/\u201d erreichbar.<\/p>\n\n\n\n<p>QUELLE: THEATER ALTENBURG GERA GGMBH<\/p>\n","protected":false},"excerpt":{"rendered":"<div class=\"mh-excerpt\"><p>Mit Tennessee Williams \u201eDie Glasmenagerie\u201c bringt Schauspieldirektor Manuel Kressin ab dem 26. September 2025 ein packendes Familiendrama \u00fcber Illusion und Wirklichkeit auf die B\u00fchne des gro\u00dfen Hauses Gera. Bereits eine Woche zuvor laden Manuel Kressin <a class=\"mh-excerpt-more\" href=\"https:\/\/www.studiogera.de\/001\/2025\/09\/03\/einblicke-in-das-schauspiel-die-glasmenagerie\/\" title=\"EINBLICKE IN DAS SCHAUSPIEL \u201eDIE GLASMENAGERIE\u201c\">[&#8230;]<\/a><\/p>\n<\/div>","protected":false},"author":2,"featured_media":38826,"comment_status":"open","ping_status":"open","sticky":false,"template":"","format":"standard","meta":{"footnotes":""},"categories":[15],"tags":[],"class_list":{"0":"post-38825","1":"post","2":"type-post","3":"status-publish","4":"format-standard","5":"has-post-thumbnail","7":"category-theater"},"_links":{"self":[{"href":"https:\/\/www.studiogera.de\/001\/wp-json\/wp\/v2\/posts\/38825","targetHints":{"allow":["GET"]}}],"collection":[{"href":"https:\/\/www.studiogera.de\/001\/wp-json\/wp\/v2\/posts"}],"about":[{"href":"https:\/\/www.studiogera.de\/001\/wp-json\/wp\/v2\/types\/post"}],"author":[{"embeddable":true,"href":"https:\/\/www.studiogera.de\/001\/wp-json\/wp\/v2\/users\/2"}],"replies":[{"embeddable":true,"href":"https:\/\/www.studiogera.de\/001\/wp-json\/wp\/v2\/comments?post=38825"}],"version-history":[{"count":1,"href":"https:\/\/www.studiogera.de\/001\/wp-json\/wp\/v2\/posts\/38825\/revisions"}],"predecessor-version":[{"id":38827,"href":"https:\/\/www.studiogera.de\/001\/wp-json\/wp\/v2\/posts\/38825\/revisions\/38827"}],"wp:featuredmedia":[{"embeddable":true,"href":"https:\/\/www.studiogera.de\/001\/wp-json\/wp\/v2\/media\/38826"}],"wp:attachment":[{"href":"https:\/\/www.studiogera.de\/001\/wp-json\/wp\/v2\/media?parent=38825"}],"wp:term":[{"taxonomy":"category","embeddable":true,"href":"https:\/\/www.studiogera.de\/001\/wp-json\/wp\/v2\/categories?post=38825"},{"taxonomy":"post_tag","embeddable":true,"href":"https:\/\/www.studiogera.de\/001\/wp-json\/wp\/v2\/tags?post=38825"}],"curies":[{"name":"wp","href":"https:\/\/api.w.org\/{rel}","templated":true}]}}