{"id":38833,"date":"2025-09-03T22:00:03","date_gmt":"2025-09-03T20:00:03","guid":{"rendered":"https:\/\/www.studiogera.de\/001\/?p=38833"},"modified":"2025-09-03T22:00:07","modified_gmt":"2025-09-03T20:00:07","slug":"stadtrat-bestaetigt-neubau-der-zentralen-leitstelle","status":"publish","type":"post","link":"https:\/\/www.studiogera.de\/001\/2025\/09\/03\/stadtrat-bestaetigt-neubau-der-zentralen-leitstelle\/","title":{"rendered":"STADTRAT BEST\u00c4TIGT NEUBAU DER ZENTRALEN LEITSTELLE"},"content":{"rendered":"\n<p><em>Das Amt f\u00fcr Brand- und Katastrophenschutz wird zukunftssicher aufgestellt. Eine Fl\u00e4che am Elsterdamm, unweit des Verkehrsknotens Omega, wurde bereits als geeigneter Standort f\u00fcr die neue Zentrale Leitstelle best\u00e4tigt.<\/em><\/p>\n\n\n\n<p>In Gera wird auch weiterhin schnelle professionelle Hilfe f\u00fcr alle Gefahrensituationen gro\u00dfgeschrieben. In seiner j\u00fcngsten Sitzung am 3. September 2025 sprachen sich die Mitglieder des Stadtrats mit mehrheitlich f\u00fcr den Neubau einer Zentralen Leitstelle aus. Diese ist zwingend notwendig, da die gegenw\u00e4rtige Leitstelle den neuen gesetzlichen Vorgaben des Freistaats Th\u00fcringen nicht mehr entspricht. Oberb\u00fcrgermeister Kurt Dannenberg \u00e4u\u00dferte sich erfreut \u00fcber das Abstimmungsergebnis:<\/p>\n\n\n\n<p>\u201eMit dem Votum des Stadtrats setzen wir ein klares Zeichen. Gera \u00fcbernimmt gemeinsam mit der Stadt Jena Verantwortung f\u00fcr die Sicherheit von rund 700&#8217;000 Menschen in Ostth\u00fcringen. Unsere Zentrale Leitstelle ist als eine von zwei Regionalleitstellen ein zentraler Baustein der modernen Sicherheitsarchitektur in Ostth\u00fcringen \u2013 leistungsstark, vernetzt und unverzichtbar. Diese tragende Rolle verlangt nicht nur engagierte Mitarbeitende, sondern auch eine zeitgem\u00e4\u00dfe Infrastruktur auf h\u00f6chstem technischen Niveau. Die Anforderungen steigen \u2013 und wir gehen diesen Weg mit. Der Freistaat gibt uns hierf\u00fcr den Rahmen vor, der heutige Beschluss des Stadtrats legt den Grundstein f\u00fcr die Umsetzung.\u201c<\/p>\n\n\n\n<p>Ohne den Beschluss, das m\u00fcsse man ganz klar sagen, w\u00fcrde es in wenigen Jahren keine st\u00e4dtisch gef\u00fchrte Zentrale Leitstelle in Gera mehr geben, so Dannenberg weiter. Die Verwaltung wird nun unverz\u00fcglich die n\u00e4chsten Schritte zur Umsetzung des Projekts einleiten. Der Zeitplan daf\u00fcr ist bereits klar definiert: Die neuen gesetzlichen Vorgaben des Freistaats Th\u00fcringen m\u00fcssen bis sp\u00e4testens 31. Dezember 2030 umgesetzt sein, damit die Zentrale Leitstelle in Gera weiter betrieben werden kann. Dannenberg erkl\u00e4rte:<\/p>\n\n\n\n<blockquote class=\"wp-block-quote is-layout-flow wp-block-quote-is-layout-flow\">\n<p>\u201eDer Zeitplan ist eng, aber machbar. Aufgrund der finanziellen Unterst\u00fctzung durch den Freistaat haben wir zudem den n\u00f6tigen Handlungsspielraum, den wir f\u00fcr ein solches Projekt ben\u00f6tigen.\u201c<\/p>\n<\/blockquote>\n\n\n\n<p>Das Land stellt eine F\u00f6rderung in H\u00f6he von 70 % der f\u00f6rderf\u00e4higen Gesamtkosten in Aussicht. Im Rahmen einer Machbarkeitsstudie wurde eine Fl\u00e4che am Elsterdamm unweit des Verkehrsknotens Omega bereits als geeigneter Standort best\u00e4tigt.<\/p>\n\n\n\n<p>Neben der n\u00f6tigen Modernisierung der Zentralen Leitstelle nimmt die Stadt Gera aber auch die Zukunft des Amts f\u00fcr Brand- und Katastrophenschutz in den Blick. Hierzu f\u00fchrte der Oberb\u00fcrgermeister aus<\/p>\n\n\n\n<blockquote class=\"wp-block-quote is-layout-flow wp-block-quote-is-layout-flow\">\n<p>\u201eSowohl bei der Berufsfeuerwehr mit ihren zwei Standorten als auch bei den Freiwilligen Feuerwehren ist der Sanierungsbedarf enorm. Mit den Ger\u00e4teh\u00e4usern der Freiwilligen Feuerwehren in den Westvororten und Langenberg haben wir bereits an zwei Standorten begonnen. Doch es braucht auch f\u00fcr die Berufsfeuerwehr einen neuen Standort, um eine dem sicherheitstechnischen Standard entsprechende Feuerwehr vorzuhalten. Der Neubau der Zentralen Leitstelle kann das Fundament sein, auf dem wir ein modernes, leistungsf\u00e4higes und zukunftsorientiertes Feuerwehrwesen f\u00fcr die Stadt Gera aufbauen k\u00f6nnen.\u201c<\/p>\n<\/blockquote>\n\n\n\n<p>Vor diesem Hintergrund soll nun bei den Planungen f\u00fcr die Zentrale Leitstelle ber\u00fccksichtigt werden, dass am gleichen Standort perspektivisch auch die Berufsfeuerwehr verortet wird, um m\u00f6glichst viele Synergien zu nutzen.<\/p>\n\n\n\n<p>QUELLE: STADTVERWALTUNG<\/p>\n","protected":false},"excerpt":{"rendered":"<div class=\"mh-excerpt\"><p>Das Amt f\u00fcr Brand- und Katastrophenschutz wird zukunftssicher aufgestellt. Eine Fl\u00e4che am Elsterdamm, unweit des Verkehrsknotens Omega, wurde bereits als geeigneter Standort f\u00fcr die neue Zentrale Leitstelle best\u00e4tigt. In Gera wird auch weiterhin schnelle professionelle <a class=\"mh-excerpt-more\" href=\"https:\/\/www.studiogera.de\/001\/2025\/09\/03\/stadtrat-bestaetigt-neubau-der-zentralen-leitstelle\/\" title=\"STADTRAT BEST\u00c4TIGT NEUBAU DER ZENTRALEN LEITSTELLE\">[&#8230;]<\/a><\/p>\n<\/div>","protected":false},"author":2,"featured_media":7877,"comment_status":"open","ping_status":"open","sticky":false,"template":"","format":"standard","meta":{"footnotes":""},"categories":[3],"tags":[],"class_list":{"0":"post-38833","1":"post","2":"type-post","3":"status-publish","4":"format-standard","5":"has-post-thumbnail","7":"category-lokal"},"_links":{"self":[{"href":"https:\/\/www.studiogera.de\/001\/wp-json\/wp\/v2\/posts\/38833","targetHints":{"allow":["GET"]}}],"collection":[{"href":"https:\/\/www.studiogera.de\/001\/wp-json\/wp\/v2\/posts"}],"about":[{"href":"https:\/\/www.studiogera.de\/001\/wp-json\/wp\/v2\/types\/post"}],"author":[{"embeddable":true,"href":"https:\/\/www.studiogera.de\/001\/wp-json\/wp\/v2\/users\/2"}],"replies":[{"embeddable":true,"href":"https:\/\/www.studiogera.de\/001\/wp-json\/wp\/v2\/comments?post=38833"}],"version-history":[{"count":1,"href":"https:\/\/www.studiogera.de\/001\/wp-json\/wp\/v2\/posts\/38833\/revisions"}],"predecessor-version":[{"id":38834,"href":"https:\/\/www.studiogera.de\/001\/wp-json\/wp\/v2\/posts\/38833\/revisions\/38834"}],"wp:featuredmedia":[{"embeddable":true,"href":"https:\/\/www.studiogera.de\/001\/wp-json\/wp\/v2\/media\/7877"}],"wp:attachment":[{"href":"https:\/\/www.studiogera.de\/001\/wp-json\/wp\/v2\/media?parent=38833"}],"wp:term":[{"taxonomy":"category","embeddable":true,"href":"https:\/\/www.studiogera.de\/001\/wp-json\/wp\/v2\/categories?post=38833"},{"taxonomy":"post_tag","embeddable":true,"href":"https:\/\/www.studiogera.de\/001\/wp-json\/wp\/v2\/tags?post=38833"}],"curies":[{"name":"wp","href":"https:\/\/api.w.org\/{rel}","templated":true}]}}