{"id":38835,"date":"2025-09-03T22:39:51","date_gmt":"2025-09-03T20:39:51","guid":{"rendered":"https:\/\/www.studiogera.de\/001\/?p=38835"},"modified":"2025-09-03T22:39:52","modified_gmt":"2025-09-03T20:39:52","slug":"stadtrat-waehlt-zwei-neue-beigeordnete","status":"publish","type":"post","link":"https:\/\/www.studiogera.de\/001\/2025\/09\/03\/stadtrat-waehlt-zwei-neue-beigeordnete\/","title":{"rendered":"STADTRAT W\u00c4HLT ZWEI NEUE BEIGEORDNETE"},"content":{"rendered":"\n<p>Der Geraer Stadtrat hat in seiner Sitzung vom 3. September 2025 richtungsweisende Entscheidungen f\u00fcr die Zukunft der Stadt getroffen. In geheimer Wahl wurden mit einer Mehrheit Herr Thomas Lenk zum neuen B\u00fcrgermeister und ersten Beigeordneten sowie Dezernenten f\u00fcr Sicherheit und B\u00fcrgerservice der Stadt Gera, und Herr Bertram Koch zum dritten Beigeordneten und neuen Dezernenten f\u00fcr Bau und Stadtentwicklung gew\u00e4hlt. \u00a0<\/p>\n\n\n\n<p>\u201eEs freut mich sehr, dass wir mit den beiden hauptamtlichen Beigeordneten nun vollst\u00e4ndig sind\u201c, zeigt sich Oberb\u00fcrgermeister Kurt Dannenberg zufrieden mit den Ergebnissen der Wahl. Gemeinsam mit dem Stadtrat habe man noch viele Aufgaben vor sich, und er sei \u00fcberzeugt, dass man in einem offenen und konstruktiven Miteinander gute L\u00f6sungen f\u00fcr die Stadt finde und schaffe. Weiterhin sagte der Oberb\u00fcrgermeister:<\/p>\n\n\n\n<blockquote class=\"wp-block-quote is-layout-flow wp-block-quote-is-layout-flow\">\n<p>\u201eDie Qualit\u00e4t der Bewerbungen war durchweg hoch, was den Fraktionen und mir eine echte Auswahlm\u00f6glichkeit bot. Herr Lenk und Herr Koch sind Pers\u00f6nlichkeiten, die bereits gut in der Stadt vernetzt sind und sich an verschiedenen Stellen in der Stadt engagiert haben, aber auch die Herausforderungen in unserer Stadt kennen. Ich bin \u00fcberzeugt, dass wir als F\u00fchrungsteam \u2013 bestehend aus Herrn Lenk, Frau Wanzar, Herrn Koch und mir \u2013 Gera mit fachlicher St\u00e4rke und enger Zusammenarbeit erfolgreich voranbringen werden.\u201c<\/p>\n<\/blockquote>\n\n\n\n<p>Der Vogtl\u00e4nder Thomas Lenk ist derzeit Leiter des Inspektionsdiensts der Landespolizeiinspektion Gera. Zuvor war er Leiter der Polizeiinspektion Greiz. Als neuer erster Beigeordnete der Stadt Gera ist er B\u00fcrgermeister und Dezernent f\u00fcr Sicherheit und B\u00fcrgerservice zugleich:<\/p>\n\n\n\n<blockquote class=\"wp-block-quote is-layout-flow wp-block-quote-is-layout-flow\">\n<p>\u201eIch verlasse nach 30 Jahren die Polizei und stelle meinen Dienst der Stadt Gera zur Verf\u00fcgung. Ich bin in der Region verwurzelt und kenne die Themen der Stadt. Nun werde ich alle Kraft und Kompetenz zum Wohle der Stadt und der B\u00fcrgerinnen und B\u00fcrger einsetzen.\u201c<\/p>\n<\/blockquote>\n\n\n\n<p>Bertram Koch f\u00fchrte seit M\u00e4rz 2023 die Elstertal-Infraprojekt GmbH als Gesch\u00e4ftsf\u00fchrer. Bertram Koch ist studierter Bauingenieur im Hochbau und war zuvor unter anderem als Bauamtsleiter der Stadt Greiz sowie bei einem Sanierungsberater t\u00e4tig. Koch zeigt sich motiviert, mit passgenauen L\u00f6sungen seine Aufgaben zu meistern:<\/p>\n\n\n\n<blockquote class=\"wp-block-quote is-layout-flow wp-block-quote-is-layout-flow\">\n<p>\u201eF\u00fcr mich bedeutet dieses Amt, Verantwortung f\u00fcr die Stadt Gera zu tragen. Verantwortung im positiven Sinne. Ich verbinde Menschen \u2013 ich schaffe Ideen und R\u00e4ume.\u201c<\/p>\n<\/blockquote>\n\n\n\n<p>Die Positionen des ersten und dritten hauptamtlichen Beigeordneten waren seit Ende Juni 2024 bzw. April 2025 unbesetzt. Die Stellen wurden daher am 17. April 2025 \u00f6ffentlich ausgeschrieben. Auf die Stelle des ersten Beigeordneten hatten sich zw\u00f6lf, auf die Stelle des dritten Beigeordneten hatten sich zehn Personen beworben.<\/p>\n\n\n\n<p>QUELLE: STADTVERWALTUNG<\/p>\n","protected":false},"excerpt":{"rendered":"<div class=\"mh-excerpt\"><p>Der Geraer Stadtrat hat in seiner Sitzung vom 3. September 2025 richtungsweisende Entscheidungen f\u00fcr die Zukunft der Stadt getroffen. In geheimer Wahl wurden mit einer Mehrheit Herr Thomas Lenk zum neuen B\u00fcrgermeister und ersten Beigeordneten <a class=\"mh-excerpt-more\" href=\"https:\/\/www.studiogera.de\/001\/2025\/09\/03\/stadtrat-waehlt-zwei-neue-beigeordnete\/\" title=\"STADTRAT W\u00c4HLT ZWEI NEUE BEIGEORDNETE\">[&#8230;]<\/a><\/p>\n<\/div>","protected":false},"author":2,"featured_media":38836,"comment_status":"open","ping_status":"open","sticky":false,"template":"","format":"standard","meta":{"footnotes":""},"categories":[3],"tags":[],"class_list":{"0":"post-38835","1":"post","2":"type-post","3":"status-publish","4":"format-standard","5":"has-post-thumbnail","7":"category-lokal"},"_links":{"self":[{"href":"https:\/\/www.studiogera.de\/001\/wp-json\/wp\/v2\/posts\/38835","targetHints":{"allow":["GET"]}}],"collection":[{"href":"https:\/\/www.studiogera.de\/001\/wp-json\/wp\/v2\/posts"}],"about":[{"href":"https:\/\/www.studiogera.de\/001\/wp-json\/wp\/v2\/types\/post"}],"author":[{"embeddable":true,"href":"https:\/\/www.studiogera.de\/001\/wp-json\/wp\/v2\/users\/2"}],"replies":[{"embeddable":true,"href":"https:\/\/www.studiogera.de\/001\/wp-json\/wp\/v2\/comments?post=38835"}],"version-history":[{"count":1,"href":"https:\/\/www.studiogera.de\/001\/wp-json\/wp\/v2\/posts\/38835\/revisions"}],"predecessor-version":[{"id":38837,"href":"https:\/\/www.studiogera.de\/001\/wp-json\/wp\/v2\/posts\/38835\/revisions\/38837"}],"wp:featuredmedia":[{"embeddable":true,"href":"https:\/\/www.studiogera.de\/001\/wp-json\/wp\/v2\/media\/38836"}],"wp:attachment":[{"href":"https:\/\/www.studiogera.de\/001\/wp-json\/wp\/v2\/media?parent=38835"}],"wp:term":[{"taxonomy":"category","embeddable":true,"href":"https:\/\/www.studiogera.de\/001\/wp-json\/wp\/v2\/categories?post=38835"},{"taxonomy":"post_tag","embeddable":true,"href":"https:\/\/www.studiogera.de\/001\/wp-json\/wp\/v2\/tags?post=38835"}],"curies":[{"name":"wp","href":"https:\/\/api.w.org\/{rel}","templated":true}]}}