{"id":38838,"date":"2025-09-03T22:39:40","date_gmt":"2025-09-03T20:39:40","guid":{"rendered":"https:\/\/www.studiogera.de\/001\/?p=38838"},"modified":"2025-09-03T22:39:41","modified_gmt":"2025-09-03T20:39:41","slug":"radweg-an-der-dornaer-strasse-nimmt-gestalt-an","status":"publish","type":"post","link":"https:\/\/www.studiogera.de\/001\/2025\/09\/03\/radweg-an-der-dornaer-strasse-nimmt-gestalt-an\/","title":{"rendered":"RADWEG AN DER DORNAER STRASSE NIMMT GESTALT AN"},"content":{"rendered":"\n<p>Der Bau des neuen Radwegs entlang der Dornaer Stra\u00dfe ist in den vergangenen Wochen weiter vorangeschritten. Derzeit konzentrieren sich die Bauaktivit\u00e4ten vor allem auf den zweiten Bauabschnitt, der in der Sackgasse Dornaer Stra\u00dfe beginnt und an der Adresse \u201eAm Speitewitz 216\u201c endet. Hier finden derzeit vor allem umfangreichere vorbereitende Ma\u00dfnahmen statt. Der erste Bauabschnitt f\u00fchrt von der Sch\u00e4fereistra\u00dfe bis zur Stra\u00dfe \u201eAm Bieblacher Bach\u201c. Insgesamt wird der Radweg eine L\u00e4nge von 1540 Metern aufweisen und mit einer einheitlichen Breite von 2,5 Metern asphaltiert. Beidseitig des Weges entstehen Randstreifen mit jeweils 0,5 Metern Breite, um den Nutzungskomfort und die Sicherheit zu erh\u00f6hen. Dar\u00fcber hinaus werden im Zuge der Ma\u00dfnahme auch drei Wegeanbindungen von zwei Metern Breite in das Wohngebiet \u201eAm Trebnitzer Kreuz\u201c hergestellt. Die Gesamtkosten f\u00fcr das Projekt belaufen sich auf zirka 760&#8217;000 Euro, wobei 90 % der f\u00f6rderf\u00e4higen Kosten durch F\u00f6rdermittel des Bundes \u00fcber das Sonderprogramm Stadt und Land und des Th\u00fcringer Landesamt f\u00fcr Bau und Verkehr gedeckt werden. Nach aktueller Planung werden die Arbeiten noch bis Ende des Jahres 2025 andauern. Diese umfassen neben dem Bau des Radwegs auch die entsprechenden Ersatzpflanzungen. Beides wird von der Baufirma Naumburger Bauunion GmbH &amp; Co. KG aus Mertendorf durchgef\u00fchrt.<\/p>\n\n\n\n<p>QUELLE: STADTVERWALTUNG<\/p>\n","protected":false},"excerpt":{"rendered":"<div class=\"mh-excerpt\"><p>Der Bau des neuen Radwegs entlang der Dornaer Stra\u00dfe ist in den vergangenen Wochen weiter vorangeschritten. Derzeit konzentrieren sich die Bauaktivit\u00e4ten vor allem auf den zweiten Bauabschnitt, der in der Sackgasse Dornaer Stra\u00dfe beginnt und <a class=\"mh-excerpt-more\" href=\"https:\/\/www.studiogera.de\/001\/2025\/09\/03\/radweg-an-der-dornaer-strasse-nimmt-gestalt-an\/\" title=\"RADWEG AN DER DORNAER STRASSE NIMMT GESTALT AN\">[&#8230;]<\/a><\/p>\n<\/div>","protected":false},"author":2,"featured_media":38839,"comment_status":"open","ping_status":"open","sticky":false,"template":"","format":"standard","meta":{"footnotes":""},"categories":[3],"tags":[],"class_list":{"0":"post-38838","1":"post","2":"type-post","3":"status-publish","4":"format-standard","5":"has-post-thumbnail","7":"category-lokal"},"_links":{"self":[{"href":"https:\/\/www.studiogera.de\/001\/wp-json\/wp\/v2\/posts\/38838","targetHints":{"allow":["GET"]}}],"collection":[{"href":"https:\/\/www.studiogera.de\/001\/wp-json\/wp\/v2\/posts"}],"about":[{"href":"https:\/\/www.studiogera.de\/001\/wp-json\/wp\/v2\/types\/post"}],"author":[{"embeddable":true,"href":"https:\/\/www.studiogera.de\/001\/wp-json\/wp\/v2\/users\/2"}],"replies":[{"embeddable":true,"href":"https:\/\/www.studiogera.de\/001\/wp-json\/wp\/v2\/comments?post=38838"}],"version-history":[{"count":1,"href":"https:\/\/www.studiogera.de\/001\/wp-json\/wp\/v2\/posts\/38838\/revisions"}],"predecessor-version":[{"id":38840,"href":"https:\/\/www.studiogera.de\/001\/wp-json\/wp\/v2\/posts\/38838\/revisions\/38840"}],"wp:featuredmedia":[{"embeddable":true,"href":"https:\/\/www.studiogera.de\/001\/wp-json\/wp\/v2\/media\/38839"}],"wp:attachment":[{"href":"https:\/\/www.studiogera.de\/001\/wp-json\/wp\/v2\/media?parent=38838"}],"wp:term":[{"taxonomy":"category","embeddable":true,"href":"https:\/\/www.studiogera.de\/001\/wp-json\/wp\/v2\/categories?post=38838"},{"taxonomy":"post_tag","embeddable":true,"href":"https:\/\/www.studiogera.de\/001\/wp-json\/wp\/v2\/tags?post=38838"}],"curies":[{"name":"wp","href":"https:\/\/api.w.org\/{rel}","templated":true}]}}