{"id":38846,"date":"2025-09-03T23:14:22","date_gmt":"2025-09-03T21:14:22","guid":{"rendered":"https:\/\/www.studiogera.de\/001\/?p=38846"},"modified":"2025-09-03T23:14:24","modified_gmt":"2025-09-03T21:14:24","slug":"informationen-der-selbsthilfegruppen-25","status":"publish","type":"post","link":"https:\/\/www.studiogera.de\/001\/2025\/09\/03\/informationen-der-selbsthilfegruppen-25\/","title":{"rendered":"INFORMATIONEN DER SELBSTHILFEGRUPPEN"},"content":{"rendered":"\n<p>Das n\u00e4chste Treffen der Selbsthilfegruppe \u201eH\u00f6rgesch\u00e4digte Gera und Umgebung\u201c findet am 9. September 2025 ab 15 Uhr in der Ehrenamtszentrale, Kornmarkt 7 statt. Im Vorfeld des Treffens der Selbsthilfegruppe bietet die zertifizierte Beratungsstelle des Deutschen Schwerh\u00f6rigenbundes Ortsverein Weimar mit ihrem mobilen \u201eSozialen Dienst f\u00fcr H\u00f6rgesch\u00e4digte in Th\u00fcringen\u201c eine kostenlose und unabh\u00e4ngige Beratung f\u00fcr Menschen mit H\u00f6rproblemen in der Zeit von 13 Uhr bis 14.30 Uhr in den R\u00e4umen der Ehrenamtszentrale, Kornmarkt 7 in Gera an.<\/p>\n\n\n\n<p>Eine Informationsveranstaltung der Selbsthilfegruppe \u201eProstatakrebs\u201c in Kooperation mit dem SHR Wald-Klinikum Gera, Klinik f\u00fcr Urologie, findet am 10. September 2025 um 14 Uhr im Rathaussaal der Stadt Gera, Kornmarkt 12 statt. Nach vier Fachvortr\u00e4gen von Experten des SRFI Wald-Klinikums k\u00f6nnen Sie mit den Experten und Vertretern der Selbsthilfegruppe in den Dialog kommen. Die Selbsthilfegruppe l\u00e4dt interessierte B\u00fcrger zu dieser Informationsveranstaltung ein.<\/p>\n\n\n\n<p>Die Selbsthilfegruppe \u201eCOPD\u201c trifft sich jeden dritten Donnerstag im Monat. Das n\u00e4chste Treffen findet am 18. September 2025 in der Zeit von 14 Uhr bis 15.30 Uhr in der Ehrenamtszentrale, Kornmarkt 7, 07545 Gera statt. Gespr\u00e4che zu krankheitsspezifischen Problemen und allgemeine Informationen stehen im Mittelpunkt des Gruppentreffens. Betroffene von COPD und deren Angeh\u00f6rige sind hierzu eingeladen. Es wird um eine Voranmeldung \u00fcber die Kontaktstelle f\u00fcr Selbsthilfegruppen gebeten.<\/p>\n\n\n\n<p>Weitere Informationen erhalten Sie \u00fcber die Kontaktstelle f\u00fcr Selbsthilfegruppen im Amt f\u00fcr Gesundheit und Versorgung. Die zust\u00e4ndige Mitarbeiterin Frau Hofmann ist unter der Rufnummer +493658383591 und \u00fcber \u201ekontaktstelleselbsthilfegruppen@gera.de\u201c erreichbar.<\/p>\n","protected":false},"excerpt":{"rendered":"<div class=\"mh-excerpt\"><p>Das n\u00e4chste Treffen der Selbsthilfegruppe \u201eH\u00f6rgesch\u00e4digte Gera und Umgebung\u201c findet am 9. September 2025 ab 15 Uhr in der Ehrenamtszentrale, Kornmarkt 7 statt. Im Vorfeld des Treffens der Selbsthilfegruppe bietet die zertifizierte Beratungsstelle des Deutschen <a class=\"mh-excerpt-more\" href=\"https:\/\/www.studiogera.de\/001\/2025\/09\/03\/informationen-der-selbsthilfegruppen-25\/\" title=\"INFORMATIONEN DER SELBSTHILFEGRUPPEN\">[&#8230;]<\/a><\/p>\n<\/div>","protected":false},"author":2,"featured_media":22646,"comment_status":"open","ping_status":"open","sticky":false,"template":"","format":"standard","meta":{"footnotes":""},"categories":[16],"tags":[],"class_list":{"0":"post-38846","1":"post","2":"type-post","3":"status-publish","4":"format-standard","5":"has-post-thumbnail","7":"category-kurzmitteilungen"},"_links":{"self":[{"href":"https:\/\/www.studiogera.de\/001\/wp-json\/wp\/v2\/posts\/38846","targetHints":{"allow":["GET"]}}],"collection":[{"href":"https:\/\/www.studiogera.de\/001\/wp-json\/wp\/v2\/posts"}],"about":[{"href":"https:\/\/www.studiogera.de\/001\/wp-json\/wp\/v2\/types\/post"}],"author":[{"embeddable":true,"href":"https:\/\/www.studiogera.de\/001\/wp-json\/wp\/v2\/users\/2"}],"replies":[{"embeddable":true,"href":"https:\/\/www.studiogera.de\/001\/wp-json\/wp\/v2\/comments?post=38846"}],"version-history":[{"count":1,"href":"https:\/\/www.studiogera.de\/001\/wp-json\/wp\/v2\/posts\/38846\/revisions"}],"predecessor-version":[{"id":38847,"href":"https:\/\/www.studiogera.de\/001\/wp-json\/wp\/v2\/posts\/38846\/revisions\/38847"}],"wp:featuredmedia":[{"embeddable":true,"href":"https:\/\/www.studiogera.de\/001\/wp-json\/wp\/v2\/media\/22646"}],"wp:attachment":[{"href":"https:\/\/www.studiogera.de\/001\/wp-json\/wp\/v2\/media?parent=38846"}],"wp:term":[{"taxonomy":"category","embeddable":true,"href":"https:\/\/www.studiogera.de\/001\/wp-json\/wp\/v2\/categories?post=38846"},{"taxonomy":"post_tag","embeddable":true,"href":"https:\/\/www.studiogera.de\/001\/wp-json\/wp\/v2\/tags?post=38846"}],"curies":[{"name":"wp","href":"https:\/\/api.w.org\/{rel}","templated":true}]}}