{"id":38896,"date":"2025-09-10T09:43:28","date_gmt":"2025-09-10T07:43:28","guid":{"rendered":"https:\/\/www.studiogera.de\/001\/?p=38896"},"modified":"2025-09-10T09:43:28","modified_gmt":"2025-09-10T07:43:28","slug":"kuechenbrand-in-langenberg","status":"publish","type":"post","link":"https:\/\/www.studiogera.de\/001\/2025\/09\/10\/kuechenbrand-in-langenberg\/","title":{"rendered":"K\u00dcCHENBRAND IN LANGENBERG"},"content":{"rendered":"\n<p>Am Montag, den 8. September 2025, wurden Feuerwehr und Polizei gegen 18.30 Uhr in die Schulstra\u00dfe zu einem Wohnungsbrand gerufen. Die eintreffenden Einsatzkr\u00e4fte stellten starke Rauchentwicklung aus einem Fenster im ersten Obergeschoss fest. Alle Bewohner des Hauses konnten unverletzt nach drau\u00dfen gebracht werden. Die Feuerwehr stellte bei Betreten der betroffenen Wohnung einen kleinen Brand in der K\u00fcche fest, der zum Gl\u00fcck schnell gel\u00f6scht werden konnte. Als Ursache wird eine angelassene Herdplatte vermutet. Der Sachschaden durch Verru\u00dfung der Einrichtung und der Au\u00dfenfassade des Hauses d\u00fcrfte im mittleren vierstelligen Bereich liegen.<\/p>\n","protected":false},"excerpt":{"rendered":"<div class=\"mh-excerpt\"><p>Am Montag, den 8. September 2025, wurden Feuerwehr und Polizei gegen 18.30 Uhr in die Schulstra\u00dfe zu einem Wohnungsbrand gerufen. Die eintreffenden Einsatzkr\u00e4fte stellten starke Rauchentwicklung aus einem Fenster im ersten Obergeschoss fest. Alle Bewohner <a class=\"mh-excerpt-more\" href=\"https:\/\/www.studiogera.de\/001\/2025\/09\/10\/kuechenbrand-in-langenberg\/\" title=\"K\u00dcCHENBRAND IN LANGENBERG\">[&#8230;]<\/a><\/p>\n<\/div>","protected":false},"author":2,"featured_media":9362,"comment_status":"open","ping_status":"open","sticky":false,"template":"","format":"standard","meta":{"footnotes":""},"categories":[13],"tags":[],"class_list":{"0":"post-38896","1":"post","2":"type-post","3":"status-publish","4":"format-standard","5":"has-post-thumbnail","7":"category-polizeiberichte"},"_links":{"self":[{"href":"https:\/\/www.studiogera.de\/001\/wp-json\/wp\/v2\/posts\/38896","targetHints":{"allow":["GET"]}}],"collection":[{"href":"https:\/\/www.studiogera.de\/001\/wp-json\/wp\/v2\/posts"}],"about":[{"href":"https:\/\/www.studiogera.de\/001\/wp-json\/wp\/v2\/types\/post"}],"author":[{"embeddable":true,"href":"https:\/\/www.studiogera.de\/001\/wp-json\/wp\/v2\/users\/2"}],"replies":[{"embeddable":true,"href":"https:\/\/www.studiogera.de\/001\/wp-json\/wp\/v2\/comments?post=38896"}],"version-history":[{"count":1,"href":"https:\/\/www.studiogera.de\/001\/wp-json\/wp\/v2\/posts\/38896\/revisions"}],"predecessor-version":[{"id":38897,"href":"https:\/\/www.studiogera.de\/001\/wp-json\/wp\/v2\/posts\/38896\/revisions\/38897"}],"wp:featuredmedia":[{"embeddable":true,"href":"https:\/\/www.studiogera.de\/001\/wp-json\/wp\/v2\/media\/9362"}],"wp:attachment":[{"href":"https:\/\/www.studiogera.de\/001\/wp-json\/wp\/v2\/media?parent=38896"}],"wp:term":[{"taxonomy":"category","embeddable":true,"href":"https:\/\/www.studiogera.de\/001\/wp-json\/wp\/v2\/categories?post=38896"},{"taxonomy":"post_tag","embeddable":true,"href":"https:\/\/www.studiogera.de\/001\/wp-json\/wp\/v2\/tags?post=38896"}],"curies":[{"name":"wp","href":"https:\/\/api.w.org\/{rel}","templated":true}]}}