{"id":38898,"date":"2025-09-10T09:47:04","date_gmt":"2025-09-10T07:47:04","guid":{"rendered":"https:\/\/www.studiogera.de\/001\/?p=38898"},"modified":"2025-09-10T09:47:05","modified_gmt":"2025-09-10T07:47:05","slug":"raeuberischer-diebstahl-in-lusan-3","status":"publish","type":"post","link":"https:\/\/www.studiogera.de\/001\/2025\/09\/10\/raeuberischer-diebstahl-in-lusan-3\/","title":{"rendered":"R\u00c4UBERISCHER DIEBSTAHL IN LUSAN"},"content":{"rendered":"\n<p>Am 9. September 2025 kam es gegen 9.45 Uhr zu einem r\u00e4uberischen Diebstahl in einem Supermarkt in der Otto-Rothe-Stra\u00dfe in Lusan. Der 39-j\u00e4hrige T\u00e4ter betrat das Gesch\u00e4ft, steckte sich diverse Lebensmittel in einem gesch\u00e4tzten Gesamtwert im niedrigen zweistelligen Bereich in die Taschen und wollte ohne zu zahlen, den Kassenbereich passieren. Zwei aufmerksame Mitarbeiterinnen bekamen dies mit und wollten den 39-J\u00e4hrigen an der Flucht hindern. Darauf reagierte dieser zunehmend aggressiv, sodass mehrere Kunden zu Hilfe eilten und abschlie\u00dfend den T\u00e4ter \u00fcberw\u00e4ltigen konnten. Dennoch konnte der 39-J\u00e4hrige fliehen. Polizeibeamte griffen ihn in einer naheliegenden Stra\u00dfe auf und nahmen ihn vorerst in Gewahrsam.<\/p>\n\n\n\n<p>Da bei Eintreffen der Polizeibeamten im Supermarkt lediglich die Mitarbeiterinnen vor Ort waren, sucht die Polizei nun nach den Kunden, welche zu Hilfe eilten oder nach weiteren Zeugen, die sachdienliche Angaben machen k\u00f6nnen. Bitte melden Sie sich unter der Rufnummer +4936582341465 oder unter +493658290. Am Telefon ist die Bezugsnummer 0235527\/2025 anzugeben.<\/p>\n","protected":false},"excerpt":{"rendered":"<div class=\"mh-excerpt\"><p>Am 9. September 2025 kam es gegen 9.45 Uhr zu einem r\u00e4uberischen Diebstahl in einem Supermarkt in der Otto-Rothe-Stra\u00dfe in Lusan. Der 39-j\u00e4hrige T\u00e4ter betrat das Gesch\u00e4ft, steckte sich diverse Lebensmittel in einem gesch\u00e4tzten Gesamtwert <a class=\"mh-excerpt-more\" href=\"https:\/\/www.studiogera.de\/001\/2025\/09\/10\/raeuberischer-diebstahl-in-lusan-3\/\" title=\"R\u00c4UBERISCHER DIEBSTAHL IN LUSAN\">[&#8230;]<\/a><\/p>\n<\/div>","protected":false},"author":2,"featured_media":9357,"comment_status":"open","ping_status":"open","sticky":false,"template":"","format":"standard","meta":{"footnotes":""},"categories":[13],"tags":[],"class_list":{"0":"post-38898","1":"post","2":"type-post","3":"status-publish","4":"format-standard","5":"has-post-thumbnail","7":"category-polizeiberichte"},"_links":{"self":[{"href":"https:\/\/www.studiogera.de\/001\/wp-json\/wp\/v2\/posts\/38898","targetHints":{"allow":["GET"]}}],"collection":[{"href":"https:\/\/www.studiogera.de\/001\/wp-json\/wp\/v2\/posts"}],"about":[{"href":"https:\/\/www.studiogera.de\/001\/wp-json\/wp\/v2\/types\/post"}],"author":[{"embeddable":true,"href":"https:\/\/www.studiogera.de\/001\/wp-json\/wp\/v2\/users\/2"}],"replies":[{"embeddable":true,"href":"https:\/\/www.studiogera.de\/001\/wp-json\/wp\/v2\/comments?post=38898"}],"version-history":[{"count":1,"href":"https:\/\/www.studiogera.de\/001\/wp-json\/wp\/v2\/posts\/38898\/revisions"}],"predecessor-version":[{"id":38899,"href":"https:\/\/www.studiogera.de\/001\/wp-json\/wp\/v2\/posts\/38898\/revisions\/38899"}],"wp:featuredmedia":[{"embeddable":true,"href":"https:\/\/www.studiogera.de\/001\/wp-json\/wp\/v2\/media\/9357"}],"wp:attachment":[{"href":"https:\/\/www.studiogera.de\/001\/wp-json\/wp\/v2\/media?parent=38898"}],"wp:term":[{"taxonomy":"category","embeddable":true,"href":"https:\/\/www.studiogera.de\/001\/wp-json\/wp\/v2\/categories?post=38898"},{"taxonomy":"post_tag","embeddable":true,"href":"https:\/\/www.studiogera.de\/001\/wp-json\/wp\/v2\/tags?post=38898"}],"curies":[{"name":"wp","href":"https:\/\/api.w.org\/{rel}","templated":true}]}}