{"id":38902,"date":"2025-09-10T09:51:17","date_gmt":"2025-09-10T07:51:17","guid":{"rendered":"https:\/\/www.studiogera.de\/001\/?p=38902"},"modified":"2025-09-10T09:51:18","modified_gmt":"2025-09-10T07:51:18","slug":"ladendiebstahl-in-der-reichsstrasse","status":"publish","type":"post","link":"https:\/\/www.studiogera.de\/001\/2025\/09\/10\/ladendiebstahl-in-der-reichsstrasse\/","title":{"rendered":"LADENDIEBSTAHL IN DER REICHSSTRASSE"},"content":{"rendered":"\n<p>Am 9. September 2025 wurde ein 36-j\u00e4hriger Mann gegen 11.05 Uhr beim Ladendiebstahl in einem Supermarkt in der Reichsstra\u00dfe gestellt. Der Dieb entnahm zwei Getr\u00e4nkedosen im Wert von 1,85 Euro und versuchte, das Gesch\u00e4ft zu verlassen, ohne zu bezahlen. Als der Ladendetektiv ihn ansprach und zur Kasse aufforderte, stie\u00df der Dieb den Detektiv zur Seite und versuchte, zu fliehen. Der Vorfall konnte jedoch durch den Detektiv verhindert werden, und der Dieb wurde bis zum Eintreffen der Polizei festgehalten. Die Polizei hat ein entsprechendes Ermittlungsverfahren gegen den 36-J\u00e4hrigen eingeleitet.<\/p>\n","protected":false},"excerpt":{"rendered":"<div class=\"mh-excerpt\"><p>Am 9. September 2025 wurde ein 36-j\u00e4hriger Mann gegen 11.05 Uhr beim Ladendiebstahl in einem Supermarkt in der Reichsstra\u00dfe gestellt. Der Dieb entnahm zwei Getr\u00e4nkedosen im Wert von 1,85 Euro und versuchte, das Gesch\u00e4ft zu <a class=\"mh-excerpt-more\" href=\"https:\/\/www.studiogera.de\/001\/2025\/09\/10\/ladendiebstahl-in-der-reichsstrasse\/\" title=\"LADENDIEBSTAHL IN DER REICHSSTRASSE\">[&#8230;]<\/a><\/p>\n<\/div>","protected":false},"author":2,"featured_media":22581,"comment_status":"open","ping_status":"open","sticky":false,"template":"","format":"standard","meta":{"footnotes":""},"categories":[13],"tags":[],"class_list":{"0":"post-38902","1":"post","2":"type-post","3":"status-publish","4":"format-standard","5":"has-post-thumbnail","7":"category-polizeiberichte"},"_links":{"self":[{"href":"https:\/\/www.studiogera.de\/001\/wp-json\/wp\/v2\/posts\/38902","targetHints":{"allow":["GET"]}}],"collection":[{"href":"https:\/\/www.studiogera.de\/001\/wp-json\/wp\/v2\/posts"}],"about":[{"href":"https:\/\/www.studiogera.de\/001\/wp-json\/wp\/v2\/types\/post"}],"author":[{"embeddable":true,"href":"https:\/\/www.studiogera.de\/001\/wp-json\/wp\/v2\/users\/2"}],"replies":[{"embeddable":true,"href":"https:\/\/www.studiogera.de\/001\/wp-json\/wp\/v2\/comments?post=38902"}],"version-history":[{"count":1,"href":"https:\/\/www.studiogera.de\/001\/wp-json\/wp\/v2\/posts\/38902\/revisions"}],"predecessor-version":[{"id":38903,"href":"https:\/\/www.studiogera.de\/001\/wp-json\/wp\/v2\/posts\/38902\/revisions\/38903"}],"wp:featuredmedia":[{"embeddable":true,"href":"https:\/\/www.studiogera.de\/001\/wp-json\/wp\/v2\/media\/22581"}],"wp:attachment":[{"href":"https:\/\/www.studiogera.de\/001\/wp-json\/wp\/v2\/media?parent=38902"}],"wp:term":[{"taxonomy":"category","embeddable":true,"href":"https:\/\/www.studiogera.de\/001\/wp-json\/wp\/v2\/categories?post=38902"},{"taxonomy":"post_tag","embeddable":true,"href":"https:\/\/www.studiogera.de\/001\/wp-json\/wp\/v2\/tags?post=38902"}],"curies":[{"name":"wp","href":"https:\/\/api.w.org\/{rel}","templated":true}]}}