{"id":38916,"date":"2025-09-10T12:51:12","date_gmt":"2025-09-10T10:51:12","guid":{"rendered":"https:\/\/www.studiogera.de\/001\/?p=38916"},"modified":"2025-09-10T12:51:14","modified_gmt":"2025-09-10T10:51:14","slug":"verdichteter-takt-auf-der-linie-1-am-14-september-2025","status":"publish","type":"post","link":"https:\/\/www.studiogera.de\/001\/2025\/09\/10\/verdichteter-takt-auf-der-linie-1-am-14-september-2025\/","title":{"rendered":"VERDICHTETER TAKT AUF DER LINIE 1 AM 14. SEPTEMBER 2025"},"content":{"rendered":"\n<p>Anl\u00e4sslich des Tags des offenen Denkmals am Sonntag, den 14. September 2025, bietet der GVB zus\u00e4tzliche Fahrten auf der Stra\u00dfenbahnlinie 1 an. Um den Besuchern eine bequeme Anreise zu den zahlreichen Veranstaltungsorten zu erm\u00f6glichen, wird der Takt zwischen Zw\u00f6tzen und Untermhaus in der Zeit von 13 Uhr bis 18 Uhr auf 15 Minuten verdichtet. Der Sonderfahrplan f\u00fcr diesen Tag steht ab sofort im Netz zur Verf\u00fcgung und kann unter \u201e<a href=\"http:\/\/www.gvbgera.de\">www.gvbgera.de<\/a>\u201c (externe Weiterleitung) eingesehen werden.<\/p>\n","protected":false},"excerpt":{"rendered":"<div class=\"mh-excerpt\"><p>Anl\u00e4sslich des Tags des offenen Denkmals am Sonntag, den 14. September 2025, bietet der GVB zus\u00e4tzliche Fahrten auf der Stra\u00dfenbahnlinie 1 an. Um den Besuchern eine bequeme Anreise zu den zahlreichen Veranstaltungsorten zu erm\u00f6glichen, wird <a class=\"mh-excerpt-more\" href=\"https:\/\/www.studiogera.de\/001\/2025\/09\/10\/verdichteter-takt-auf-der-linie-1-am-14-september-2025\/\" title=\"VERDICHTETER TAKT AUF DER LINIE 1 AM 14. SEPTEMBER 2025\">[&#8230;]<\/a><\/p>\n<\/div>","protected":false},"author":2,"featured_media":22644,"comment_status":"open","ping_status":"open","sticky":false,"template":"","format":"standard","meta":{"footnotes":""},"categories":[16],"tags":[],"class_list":{"0":"post-38916","1":"post","2":"type-post","3":"status-publish","4":"format-standard","5":"has-post-thumbnail","7":"category-kurzmitteilungen"},"_links":{"self":[{"href":"https:\/\/www.studiogera.de\/001\/wp-json\/wp\/v2\/posts\/38916","targetHints":{"allow":["GET"]}}],"collection":[{"href":"https:\/\/www.studiogera.de\/001\/wp-json\/wp\/v2\/posts"}],"about":[{"href":"https:\/\/www.studiogera.de\/001\/wp-json\/wp\/v2\/types\/post"}],"author":[{"embeddable":true,"href":"https:\/\/www.studiogera.de\/001\/wp-json\/wp\/v2\/users\/2"}],"replies":[{"embeddable":true,"href":"https:\/\/www.studiogera.de\/001\/wp-json\/wp\/v2\/comments?post=38916"}],"version-history":[{"count":1,"href":"https:\/\/www.studiogera.de\/001\/wp-json\/wp\/v2\/posts\/38916\/revisions"}],"predecessor-version":[{"id":38917,"href":"https:\/\/www.studiogera.de\/001\/wp-json\/wp\/v2\/posts\/38916\/revisions\/38917"}],"wp:featuredmedia":[{"embeddable":true,"href":"https:\/\/www.studiogera.de\/001\/wp-json\/wp\/v2\/media\/22644"}],"wp:attachment":[{"href":"https:\/\/www.studiogera.de\/001\/wp-json\/wp\/v2\/media?parent=38916"}],"wp:term":[{"taxonomy":"category","embeddable":true,"href":"https:\/\/www.studiogera.de\/001\/wp-json\/wp\/v2\/categories?post=38916"},{"taxonomy":"post_tag","embeddable":true,"href":"https:\/\/www.studiogera.de\/001\/wp-json\/wp\/v2\/tags?post=38916"}],"curies":[{"name":"wp","href":"https:\/\/api.w.org\/{rel}","templated":true}]}}