{"id":38922,"date":"2025-09-12T00:11:31","date_gmt":"2025-09-11T22:11:31","guid":{"rendered":"https:\/\/www.studiogera.de\/001\/?p=38922"},"modified":"2025-09-12T00:11:32","modified_gmt":"2025-09-11T22:11:32","slug":"reussische-orden-und-ehrenzeichen","status":"publish","type":"post","link":"https:\/\/www.studiogera.de\/001\/2025\/09\/12\/reussische-orden-und-ehrenzeichen\/","title":{"rendered":"REUSSISCHE ORDEN UND EHRENZEICHEN"},"content":{"rendered":"\n<p>Am Mittwoch, den 17. September 2025, l\u00e4dt das Stadtmuseum um 18 Uhr interessierte B\u00fcrger zu einem Vortrag im Rahmen der Sonderausstellung \u201eDas bedeutet Krieg\u201c ein.<\/p>\n\n\n\n<p>Referent Lars Go\u00dfmann spricht \u00fcber die \u201eReu\u00dfischen Orden und Ehrenzeichen\u201c. Die Herrschaften und F\u00fcrstent\u00fcmer Reu\u00df pr\u00e4gten mit ihren Dynastien \u00fcber Jahrhunderte die Geschichte Ostth\u00fcringens. Teil der Herrschaftsaus\u00fcbung war auch die Verleihung von Ordens- und Auszeichnungen.<\/p>\n\n\n\n<p>Lars Go\u00dfmann, ausgewiesener Kenner der Thematik, stellt in seinem Vortrag die wichtigsten reu\u00dfischen Orden und Ehrenzeichen vor. Dabei geht er sowohl auf die historischen Hintergr\u00fcnde als auch auf die Gestaltung und die gesellschaftliche Bedeutung dieser Auszeichnungen ein. Der Vortrag richtet sich an historisch Interessierte, Sammler und alle, die einen tieferen Einblick in die Kulturgeschichte der Region gewinnen m\u00f6chten.<\/p>\n\n\n\n<p>QUELLE: STADTVERWALTUNG<\/p>\n","protected":false},"excerpt":{"rendered":"<div class=\"mh-excerpt\"><p>Am Mittwoch, den 17. September 2025, l\u00e4dt das Stadtmuseum um 18 Uhr interessierte B\u00fcrger zu einem Vortrag im Rahmen der Sonderausstellung \u201eDas bedeutet Krieg\u201c ein. Referent Lars Go\u00dfmann spricht \u00fcber die \u201eReu\u00dfischen Orden und Ehrenzeichen\u201c. <a class=\"mh-excerpt-more\" href=\"https:\/\/www.studiogera.de\/001\/2025\/09\/12\/reussische-orden-und-ehrenzeichen\/\" title=\"REUSSISCHE ORDEN UND EHRENZEICHEN\">[&#8230;]<\/a><\/p>\n<\/div>","protected":false},"author":2,"featured_media":38185,"comment_status":"open","ping_status":"open","sticky":false,"template":"","format":"standard","meta":{"footnotes":""},"categories":[7],"tags":[],"class_list":{"0":"post-38922","1":"post","2":"type-post","3":"status-publish","4":"format-standard","5":"has-post-thumbnail","7":"category-regionalkunde"},"_links":{"self":[{"href":"https:\/\/www.studiogera.de\/001\/wp-json\/wp\/v2\/posts\/38922","targetHints":{"allow":["GET"]}}],"collection":[{"href":"https:\/\/www.studiogera.de\/001\/wp-json\/wp\/v2\/posts"}],"about":[{"href":"https:\/\/www.studiogera.de\/001\/wp-json\/wp\/v2\/types\/post"}],"author":[{"embeddable":true,"href":"https:\/\/www.studiogera.de\/001\/wp-json\/wp\/v2\/users\/2"}],"replies":[{"embeddable":true,"href":"https:\/\/www.studiogera.de\/001\/wp-json\/wp\/v2\/comments?post=38922"}],"version-history":[{"count":1,"href":"https:\/\/www.studiogera.de\/001\/wp-json\/wp\/v2\/posts\/38922\/revisions"}],"predecessor-version":[{"id":38923,"href":"https:\/\/www.studiogera.de\/001\/wp-json\/wp\/v2\/posts\/38922\/revisions\/38923"}],"wp:featuredmedia":[{"embeddable":true,"href":"https:\/\/www.studiogera.de\/001\/wp-json\/wp\/v2\/media\/38185"}],"wp:attachment":[{"href":"https:\/\/www.studiogera.de\/001\/wp-json\/wp\/v2\/media?parent=38922"}],"wp:term":[{"taxonomy":"category","embeddable":true,"href":"https:\/\/www.studiogera.de\/001\/wp-json\/wp\/v2\/categories?post=38922"},{"taxonomy":"post_tag","embeddable":true,"href":"https:\/\/www.studiogera.de\/001\/wp-json\/wp\/v2\/tags?post=38922"}],"curies":[{"name":"wp","href":"https:\/\/api.w.org\/{rel}","templated":true}]}}