{"id":38924,"date":"2025-09-12T00:22:22","date_gmt":"2025-09-11T22:22:22","guid":{"rendered":"https:\/\/www.studiogera.de\/001\/?p=38924"},"modified":"2025-09-12T09:11:54","modified_gmt":"2025-09-12T07:11:54","slug":"die-abfall-applikation-des-awv-ostthueringen","status":"publish","type":"post","link":"https:\/\/www.studiogera.de\/001\/2025\/09\/12\/die-abfall-applikation-des-awv-ostthueringen\/","title":{"rendered":"DIE ABFALL-APPLIKATION DES AWV OSTTH\u00dcRINGEN"},"content":{"rendered":"\n<p>Am 16. September 2025 haben interessierte B\u00fcrger die M\u00f6glichkeit, die mobile Abfall-Applikation des Abfallwirtschaftszweckverbands Ostth\u00fcringen (AWV) kennenzulernen. Entwickelt wurde diese im Rahmen des Smartcity-Projektes der Stadt Gera. Ein Mitarbeiter der AWV Ostth\u00fcringen zeigt schrittweise, wie die Abfall-Applikation direkt auf dem eigenen Smartphone installiert werden kann, welchen Nutzen und welche Erleichterungen sie im Alltag bietet. Anschlie\u00dfend werden die einzelnen Funktionen der Applikation vorgestellt, so zum Beispiel Entsorgungstermine mit Erinnerung, Meldung wilder Ablagerungen und der Markt &#8222;Verschenken &amp; Verkaufen&#8220;.&nbsp;<\/p>\n\n\n\n<p>Die Digitalisierung bringt viele Vorteile mit sich. Jedoch f\u00fchrt sie auch dazu, dass zunehmend mehr Elektroschrott entsteht. Der Umwelt zuliebe ist eine fachgerechte Entsorgung von Elektroger\u00e4ten besonders wichtig. Aufgrund dessen kl\u00e4rt der AWV zus\u00e4tzlich an einem Informationsstand zum Thema Entsorgung von Elektroschrott auf.<\/p>\n\n\n\n<p>In der anschlie\u00dfenden Digitalsprechstunde gibt es dann wie immer die M\u00f6glichkeit individuelle Fragen zu stellen und Probleme mit dem eigenen Smartphone oder Tablet zu schildern. Die Veranstaltung in der Bibliothek am Puschkinplatz erstreckt sich von 10 Uhr bis 12 Uhr und kann unentgeltlich besucht werden.<\/p>\n\n\n\n<p>QUELLE: STADTVERWALTUNG<\/p>\n","protected":false},"excerpt":{"rendered":"<div class=\"mh-excerpt\"><p>Am 16. September 2025 haben interessierte B\u00fcrger die M\u00f6glichkeit, die mobile Abfall-Applikation des Abfallwirtschaftszweckverbands Ostth\u00fcringen (AWV) kennenzulernen. Entwickelt wurde diese im Rahmen des Smartcity-Projektes der Stadt Gera. Ein Mitarbeiter der AWV Ostth\u00fcringen zeigt schrittweise, wie <a class=\"mh-excerpt-more\" href=\"https:\/\/www.studiogera.de\/001\/2025\/09\/12\/die-abfall-applikation-des-awv-ostthueringen\/\" title=\"DIE ABFALL-APPLIKATION DES AWV OSTTH\u00dcRINGEN\">[&#8230;]<\/a><\/p>\n<\/div>","protected":false},"author":2,"featured_media":38925,"comment_status":"open","ping_status":"open","sticky":false,"template":"","format":"standard","meta":{"footnotes":""},"categories":[17],"tags":[],"class_list":{"0":"post-38924","1":"post","2":"type-post","3":"status-publish","4":"format-standard","5":"has-post-thumbnail","7":"category-medien"},"_links":{"self":[{"href":"https:\/\/www.studiogera.de\/001\/wp-json\/wp\/v2\/posts\/38924","targetHints":{"allow":["GET"]}}],"collection":[{"href":"https:\/\/www.studiogera.de\/001\/wp-json\/wp\/v2\/posts"}],"about":[{"href":"https:\/\/www.studiogera.de\/001\/wp-json\/wp\/v2\/types\/post"}],"author":[{"embeddable":true,"href":"https:\/\/www.studiogera.de\/001\/wp-json\/wp\/v2\/users\/2"}],"replies":[{"embeddable":true,"href":"https:\/\/www.studiogera.de\/001\/wp-json\/wp\/v2\/comments?post=38924"}],"version-history":[{"count":2,"href":"https:\/\/www.studiogera.de\/001\/wp-json\/wp\/v2\/posts\/38924\/revisions"}],"predecessor-version":[{"id":38949,"href":"https:\/\/www.studiogera.de\/001\/wp-json\/wp\/v2\/posts\/38924\/revisions\/38949"}],"wp:featuredmedia":[{"embeddable":true,"href":"https:\/\/www.studiogera.de\/001\/wp-json\/wp\/v2\/media\/38925"}],"wp:attachment":[{"href":"https:\/\/www.studiogera.de\/001\/wp-json\/wp\/v2\/media?parent=38924"}],"wp:term":[{"taxonomy":"category","embeddable":true,"href":"https:\/\/www.studiogera.de\/001\/wp-json\/wp\/v2\/categories?post=38924"},{"taxonomy":"post_tag","embeddable":true,"href":"https:\/\/www.studiogera.de\/001\/wp-json\/wp\/v2\/tags?post=38924"}],"curies":[{"name":"wp","href":"https:\/\/api.w.org\/{rel}","templated":true}]}}