{"id":3909,"date":"2018-05-20T00:02:33","date_gmt":"2018-05-19T22:02:33","guid":{"rendered":"http:\/\/www.studiogera.de\/001\/?p=3909"},"modified":"2018-05-20T00:02:33","modified_gmt":"2018-05-19T22:02:33","slug":"ballett-die-kleine-meerjungfrau","status":"publish","type":"post","link":"https:\/\/www.studiogera.de\/001\/2018\/05\/20\/ballett-die-kleine-meerjungfrau\/","title":{"rendered":"BALLETT &#8222;DIE KLEINE MEERJUNGFRAU&#8220;"},"content":{"rendered":"<p>Nach gefeierten Vorstellungen in Altenburg kommt das Kinder- und Jugendballett von Theater &amp; Philharmonie Th\u00fcringen mit seiner Inszenierung \u201eDie kleine Meerjungfrau\u201c im Mai nach Gera. Am 26. Mai um 16 Uhr erlebt das Ballett seine Geraer Premiere im Gro\u00dfen Haus und am 27. Mai um 14.30 Uhr gleich die zweite Auff\u00fchrung.<\/p>\n<p>Claudia Kupsch und Dagmar Stollberg haben f\u00fcr ihr Kinder- und Jugendballett eine Choreografie nach dem M\u00e4rchen von Hans Christian Andersen geschaffen und dazu auf Musik von Edvard Grieg, Jean-Philippe Rameau, Jean Sibelius, Camille Saint-Sa\u00ebns und Robert Schumann zur\u00fcckgegriffen. Wie schon bei der Dornr\u00f6schen-Produktion ist Hilke F\u00f6rster f\u00fcr B\u00fchne und Kost\u00fcme verantwortlich. Der ehemalige T\u00e4nzer Thomas Schneider ist als Triton und Vater der kleinen Meerjungfrauen mit von der Partie. Freuen Sie sich auf das etwa 170 junge T\u00e4nzerinnen und T\u00e4nzer z\u00e4hlende Ensemble!<\/p>\n<p> \u201eWeit drau\u00dfen im Meer ist das Wasser so blau wie die Bl\u00e4tter der sch\u00f6nsten Kornblume und so klar wie das reinste Glas &#8230;\u201c Mit diesen Worten beginnt eines der zauberhaftesten M\u00e4rchen des d\u00e4nischen Dichters Hans Christian Andersen. Die kleine Meerjungfrau feiert ihren 15. Geburtstag und darf endlich sehen, was sich \u00fcber der Meeresoberfl\u00e4che, jenseits  des Reiches ihres Vaters befindet. Sie tr\u00e4umt davon, wie ein Mensch zu sein und auf zwei Beinen zu tanzen. Bei ihrem Ausflug an die Meeresoberfl\u00e4che verliebt sie sich in einen Prinzen, den sie vor dem Ertrinken rettet. Von nun an l\u00e4sst sie der Wunsch nicht mehr los, in der Menschenwelt ihr Gl\u00fcck zu finden. Und so macht sie sich auf den Weg zur Meerhexe.<\/p>\n<p>Andersens M\u00e4rchen stellt der kleinen Meerjungfrau und uns grundlegende Fragen: Wie wollen wir leben und um welchen Preis? Wo finden wir unser Gl\u00fcck?<\/p>\n<p>Eintrittskarten sind noch erh\u00e4ltlich und k\u00f6nnen unter der Rufnummer 0365 8279105 sowie \u00fcber www.tpthueringen.de gebucht werden.<\/p>\n<p>BILD UND TEXT: THEATER UND PHILHARMONIE TH\u00dcRINGEN GMBH<\/p>\n","protected":false},"excerpt":{"rendered":"<div class=\"mh-excerpt\"><p>Nach gefeierten Vorstellungen in Altenburg kommt das Kinder- und Jugendballett von Theater &amp; Philharmonie Th\u00fcringen mit seiner Inszenierung \u201eDie kleine Meerjungfrau\u201c im Mai nach Gera. Am 26. Mai um 16 Uhr erlebt das Ballett seine <a class=\"mh-excerpt-more\" href=\"https:\/\/www.studiogera.de\/001\/2018\/05\/20\/ballett-die-kleine-meerjungfrau\/\" title=\"BALLETT &#8222;DIE KLEINE MEERJUNGFRAU&#8220;\">[&#8230;]<\/a><\/p>\n<\/div>","protected":false},"author":2,"featured_media":3910,"comment_status":"open","ping_status":"open","sticky":false,"template":"","format":"standard","meta":{"footnotes":""},"categories":[15],"tags":[],"class_list":{"0":"post-3909","1":"post","2":"type-post","3":"status-publish","4":"format-standard","5":"has-post-thumbnail","7":"category-theater"},"_links":{"self":[{"href":"https:\/\/www.studiogera.de\/001\/wp-json\/wp\/v2\/posts\/3909","targetHints":{"allow":["GET"]}}],"collection":[{"href":"https:\/\/www.studiogera.de\/001\/wp-json\/wp\/v2\/posts"}],"about":[{"href":"https:\/\/www.studiogera.de\/001\/wp-json\/wp\/v2\/types\/post"}],"author":[{"embeddable":true,"href":"https:\/\/www.studiogera.de\/001\/wp-json\/wp\/v2\/users\/2"}],"replies":[{"embeddable":true,"href":"https:\/\/www.studiogera.de\/001\/wp-json\/wp\/v2\/comments?post=3909"}],"version-history":[{"count":1,"href":"https:\/\/www.studiogera.de\/001\/wp-json\/wp\/v2\/posts\/3909\/revisions"}],"predecessor-version":[{"id":3911,"href":"https:\/\/www.studiogera.de\/001\/wp-json\/wp\/v2\/posts\/3909\/revisions\/3911"}],"wp:featuredmedia":[{"embeddable":true,"href":"https:\/\/www.studiogera.de\/001\/wp-json\/wp\/v2\/media\/3910"}],"wp:attachment":[{"href":"https:\/\/www.studiogera.de\/001\/wp-json\/wp\/v2\/media?parent=3909"}],"wp:term":[{"taxonomy":"category","embeddable":true,"href":"https:\/\/www.studiogera.de\/001\/wp-json\/wp\/v2\/categories?post=3909"},{"taxonomy":"post_tag","embeddable":true,"href":"https:\/\/www.studiogera.de\/001\/wp-json\/wp\/v2\/tags?post=3909"}],"curies":[{"name":"wp","href":"https:\/\/api.w.org\/{rel}","templated":true}]}}