{"id":3912,"date":"2018-05-20T00:10:45","date_gmt":"2018-05-19T22:10:45","guid":{"rendered":"http:\/\/www.studiogera.de\/001\/?p=3912"},"modified":"2018-05-20T00:10:45","modified_gmt":"2018-05-19T22:10:45","slug":"beethoven-und-brahms-im-foyerkonzert-am-27-mai","status":"publish","type":"post","link":"https:\/\/www.studiogera.de\/001\/2018\/05\/20\/beethoven-und-brahms-im-foyerkonzert-am-27-mai\/","title":{"rendered":"BEETHOVEN UND BRAHMS IM FOYERKONZERT AM 27. MAI"},"content":{"rendered":"<p>Im 261. Foyerkonzert am Sonntag, den 27. Mai, um 11 Uhr, im Konzertsaalfoyer der B\u00fchnen der Stadt Gera werden beliebte Klassiker der Kammerkonzertliteratur geboten. Ludwig van Beethoven schrieb sein ber\u00fchmtes Gassenhauer-Trio f\u00fcr Klarinette, Violoncello und Klavier. Der Beiname beruft sich nicht auf die Qualit\u00e4t der Komposition, sondern auf ein Thema aus der komischen Oper L\u2019amor marinaro von Joseph Weigl, das Beethoven im dritten Satz als Variationen verarbeitete.<\/p>\n<p>Das Klavierquartett A-Dur von Johannes Brahms ist ein freundliches, gleichsam vielschichtiges Werk, das trotz \u201eklassischer\u201c Proportionen die ganze Kunstfertigkeit seines Sch\u00f6pfers demonstriert. Besonders humorvoll und mitrei\u00dfend ist dabei das Finale mit seinem ungarisch-zigeunerischen Ton. Es musizieren Hendrik Schn\u00f6ke (Klarinette), Judith Eisenhofer (Violine), Robert Hartung (Viola), Nico Treutler (Violoncello) sowie Takahiro Nagasaki (Klavier). <\/p>\n<p>Eintrittskarten sind an der Theaterkasse erh\u00e4ltlich und k\u00f6nnen unter der Rufnummer 0365 8279105 sowie \u00fcber www.tpthueringen.de gebucht werden.<\/p>\n<p><strong>Programm<\/strong><\/p>\n<p>Ludwig van Beethoven (1770-1827): Klaviertrio B-Dur op. 11 Gassenhauer-Trio<br \/>\nJohannes Brahms (1833-1897): Klavierquartett Nr. 2 A-Dur op. 26<\/p>\n","protected":false},"excerpt":{"rendered":"<div class=\"mh-excerpt\"><p>Im 261. Foyerkonzert am Sonntag, den 27. Mai, um 11 Uhr, im Konzertsaalfoyer der B\u00fchnen der Stadt Gera werden beliebte Klassiker der Kammerkonzertliteratur geboten. Ludwig van Beethoven schrieb sein ber\u00fchmtes Gassenhauer-Trio f\u00fcr Klarinette, Violoncello und <a class=\"mh-excerpt-more\" href=\"https:\/\/www.studiogera.de\/001\/2018\/05\/20\/beethoven-und-brahms-im-foyerkonzert-am-27-mai\/\" title=\"BEETHOVEN UND BRAHMS IM FOYERKONZERT AM 27. MAI\">[&#8230;]<\/a><\/p>\n<\/div>","protected":false},"author":2,"featured_media":638,"comment_status":"open","ping_status":"open","sticky":false,"template":"","format":"standard","meta":{"footnotes":""},"categories":[15],"tags":[],"class_list":{"0":"post-3912","1":"post","2":"type-post","3":"status-publish","4":"format-standard","5":"has-post-thumbnail","7":"category-theater"},"_links":{"self":[{"href":"https:\/\/www.studiogera.de\/001\/wp-json\/wp\/v2\/posts\/3912","targetHints":{"allow":["GET"]}}],"collection":[{"href":"https:\/\/www.studiogera.de\/001\/wp-json\/wp\/v2\/posts"}],"about":[{"href":"https:\/\/www.studiogera.de\/001\/wp-json\/wp\/v2\/types\/post"}],"author":[{"embeddable":true,"href":"https:\/\/www.studiogera.de\/001\/wp-json\/wp\/v2\/users\/2"}],"replies":[{"embeddable":true,"href":"https:\/\/www.studiogera.de\/001\/wp-json\/wp\/v2\/comments?post=3912"}],"version-history":[{"count":1,"href":"https:\/\/www.studiogera.de\/001\/wp-json\/wp\/v2\/posts\/3912\/revisions"}],"predecessor-version":[{"id":3913,"href":"https:\/\/www.studiogera.de\/001\/wp-json\/wp\/v2\/posts\/3912\/revisions\/3913"}],"wp:featuredmedia":[{"embeddable":true,"href":"https:\/\/www.studiogera.de\/001\/wp-json\/wp\/v2\/media\/638"}],"wp:attachment":[{"href":"https:\/\/www.studiogera.de\/001\/wp-json\/wp\/v2\/media?parent=3912"}],"wp:term":[{"taxonomy":"category","embeddable":true,"href":"https:\/\/www.studiogera.de\/001\/wp-json\/wp\/v2\/categories?post=3912"},{"taxonomy":"post_tag","embeddable":true,"href":"https:\/\/www.studiogera.de\/001\/wp-json\/wp\/v2\/tags?post=3912"}],"curies":[{"name":"wp","href":"https:\/\/api.w.org\/{rel}","templated":true}]}}